{"id":26099,"date":"2022-06-07T15:53:00","date_gmt":"2022-06-07T15:53:00","guid":{"rendered":"https:\/\/www.agroruralsurf.com\/sin-categorizar\/8-de-junio-dia-mundial-de-los-oceanos\/"},"modified":"2022-08-05T10:51:10","modified_gmt":"2022-08-05T10:51:10","slug":"8-de-junio-dia-mundial-de-los-oceanos","status":"publish","type":"post","link":"https:\/\/www.agroruralsurf.com\/es\/sin-categorizar\/8-de-junio-dia-mundial-de-los-oceanos\/","title":{"rendered":"8 de Junio. D\u00eda mundial de los oc\u00e9anos"},"content":{"rendered":"\n<p>Cada 8 de junio se celebra el d\u00eda mundial de los oc\u00e9anos, fecha que recuerda la importancia de su papel en nuestras vidas e impulsa un movimiento social a escala internacional con intenci\u00f3n de preservarlos. Nosotros, como escuela de surf, nos unimos a la celebraci\u00f3n de ese d\u00eda.<\/p>\n\n<p><\/p>\n\n<figure class=\"wp-block-image size-large\"><a href=\"https:\/\/www.agroruralsurf.com\/wp-content\/uploads\/2022\/06\/Agroruralsuf_escoladesurf_emporda&#x300;_diamundialdelsoceans-min.jpg\"><img src=\"https:\/\/www.agroruralsurf.com\/wp-content\/uploads\/2022\/06\/Agroruralsuf_escoladesurf_emporda&#x300;_diamundialdelsoceans-min-1024x576.jpg\" alt=\"Agroruralsuf_escoladesurf_emporda&#x300;_diamundialdelsoceans\" class=\"wp-image-22319\"\/><\/a><figcaption>Surfistas haciendo surf en el estartido vista a\u00e9rea.<\/figcaption><\/figure>\n\n<p><strong>\u00bfPor qu\u00e9 hace falta un d\u00eda dedicado a los oc\u00e9anos?<\/strong><\/p>\n\n<p>El prop\u00f3sito principal de ese d\u00eda es informar a la poblaci\u00f3n sobre el gran impacto de los humanos en los oc\u00e9anos, desarrollar un movimiento mundial de apoyo y unir fuerzas para la creaci\u00f3n de un proyecto conjunto para gestionar sosteniblemente a nuestras madres.<\/p>\n\n<p>Pero sobre todo, para celebrar un d\u00eda en honor a una de las cosas m\u00e1s bellas, ricas y potentes que tenemos en nuestro planeta, lo que de hecho, se llama \u00abplaneta azul\u00bb por esta misma raz\u00f3n.<\/p>\n\n<p><\/p>\n\n<p><strong>\u00bfCu\u00e1l es su importancia en el planeta?<\/strong><\/p>\n\n<p>Los oc\u00e9anos representan el gran pulm\u00f3n del mundo, son el n\u00facleo de todo, 2\/3 de la Tierra es agua. Sin ellos, no habr\u00eda existencia alguna de vida humana o de cualquier otro tipo. Nos proporcionan el ox\u00edgeno y en su ciclo natural se produce el proceso de filtraci\u00f3n y purificaci\u00f3n del aire.<\/p>\n\n<p>Otra gran aportaci\u00f3n por el planeta tiene que ver con el suministro de alimento para las personas, adem\u00e1s de ayudar al equilibrio ambiental de todos los pa\u00edses y ser un medio de extracci\u00f3n de recursos energ\u00e9ticos como gas y petr\u00f3leo , metales preciosos, por el intercambio econ\u00f3mico y comercial que gira en torno al globo terrestre.<\/p>\n\n<p><\/p>\n\n<p>\u00bfCu\u00e1l es su situaci\u00f3n actual?<\/p>\n\n<p>La actividad humana les ha hecho mucho da\u00f1o. Hasta ahora, han estado extrayendo de los mares y oc\u00e9anos mucho m\u00e1s de lo que \u00e9ste puede reparar. El 90% de las grandes especies est\u00e1n afectadas por este hecho y el 50% de los arrecifes de coral se encuentran destrozados. Tambi\u00e9n, los oc\u00e9anos absorben m\u00e1s del 23% de las emisiones de CO\u2082 y el 90% del exceso de calor provocado por ese mismo hecho. Por ello, el calentamiento global y el cambio clim\u00e1tico consecuente se est\u00e1 reduciendo la capacidad que tienen estos para producir ox\u00edgeno, ha incrementado el nivel del mar, se ha producido una gran fundici\u00f3n de los glaciares de los polos terrestres y un descenso importante en la salinidad de los oc\u00e9anos.<\/p>\n\n<p><\/p>\n\n<p><strong>\u00bfC\u00f3mo podemos contribuir nosotros?<\/strong><\/p>\n\n<p>\u00bfSab\u00edas que cambiando h\u00e1bitos de tu d\u00eda a d\u00eda puedes llegar a contribuir en peque\u00f1as acciones individuales que pueden ser \u00fatiles para reducir la contaminaci\u00f3n de mares y oc\u00e9anos? Pues as\u00ed, la uni\u00f3n hace la fuerza y \u200b\u200baunque nuestras acciones sean min\u00fasculas, ya aportan algo y ayudan ecol\u00f3gicamente a la salvaci\u00f3n de los oc\u00e9anos. A continuaci\u00f3n, te proponemos cinco:<\/p>\n\n<p><\/p>\n\n<p>1- Utilizar menos productos de pl\u00e1stico y cambiarlo por productos biodegradables o sostenibles: llevar tu bolsa de tela en el supermercado y utilizar una cantimplora de metal es un buen comienzo.<\/p>\n\n<p>2- Reducir las emisiones de CO\u2082 y el consumo de energ\u00eda: Usar bombillas de bajo consumo o aprovechando el transporte p\u00fablico, adem\u00e1s de la bicicleta.<\/p>\n\n<p>3- No comprar objetos ni productos que se aprovechen de la vida marina: caparazones de tortuga, joyer\u00eda de coral o curculas, materiales derivados de los tiburones&#8230;<\/p>\n\n<p>4- Realizar compras sostenibles de pescado: evitar comprar pescado de especies que est\u00e1n en peligro de extinci\u00f3n, sobreexplotadas o extra\u00eddas de pr\u00e1cticas pesqueras insostenibles.<\/p>\n\n<p>5- Ayudar a cuidar las playas: No hace falta decir que no se depositen residuos en la arena, sino que si los encontramos, los lanzamos a la basura. Son 5 segundos.<\/p>\n\n<p><\/p>\n\n<p>Haciendo referencia al \u00faltimo apartado, existen numerosas entidades y asociaciones que organizan a menudo recogidas de residuos y limpiezas de playas. Nosotros colaboramos activamente con la ONG\u00a0Surfrider\u00a0Foundation\u00a0Europe, no tan solo provey\u00e9ndolos de recursos sino tambi\u00e9n organizando recogidas y limpiezas en la playa del Estartit y otros en la Costa Brava. Es importante ser consciente de lo que es una actividad muy importante de realizar; ya no tan s\u00f3lo por el hecho de limpiar la playa, sino tambi\u00e9n para crear conciencia a todos los participantes, sobre todo a los m\u00e1s peque\u00f1os.<\/p>\n\n<figure class=\"wp-block-image size-large\"><a href=\"https:\/\/www.agroruralsurf.com\/wp-content\/uploads\/2022\/06\/Agroruralsuf_escoladesurf_emporda&#x300;_diamundialdelsoceans_surf-min.jpg\"><img src=\"https:\/\/www.agroruralsurf.com\/wp-content\/uploads\/2022\/06\/Agroruralsuf_escoladesurf_emporda&#x300;_diamundialdelsoceans_surf-min-1024x683.jpg\" alt=\"Agroruralsuf_escoladesurf_emporda&#x300;_diamundialdelsoceans_surf\" class=\"wp-image-22318\"\/><\/a><figcaption>Surfista haciendo surf en el estartido, la Costa Brava, un atardecer de verano.<\/figcaption><\/figure>\n\n<p>Lema 2022: Revitalizaci\u00f3n: acci\u00f3n colectiva por el oc\u00e9ano<\/p>\n\n<p>Este lema habla por s\u00ed solo, y nos deja muy claro qu\u00e9 es lo que necesita el oc\u00e9ano de nosotros para asegurar su conservaci\u00f3n y propiamente, de la flora y fauna que habita.<\/p>\n\n<p>Por este motivo, es necesario trabajar conjuntamente para buscar un nuevo equilibrio donde no agotamos todo lo que estas grandes cantidades de masa de agua nos da generosamente, sino que podamos reestructurar su vitalidad y encontrar una manera de devolverle una nueva vida, igual que \u00e9l nos la da a nosotros.<\/p>\n","protected":false},"excerpt":{"rendered":"<p>Cada 8 de junio se celebra el d\u00eda mundial de los oc\u00e9anos, fecha que recuerda la importancia de su papel en nuestras vidas e impulsa un movimiento social a escala&#8230;<\/p>\n","protected":false},"author":3,"featured_media":25866,"comment_status":"open","ping_status":"open","sticky":false,"template":"","format":"standard","meta":[],"categories":[547,533,545,546],"tags":[],"yoast_head":"<!-- This site is optimized with the Yoast SEO plugin v19.6.1 - https:\/\/yoast.com\/wordpress\/plugins\/seo\/ -->\n<title>8 de Junio. D\u00eda mundial de los oc\u00e9anos - agroruralsurf<\/title>\n<meta name=\"description\" content=\"Not\u00edces de surf, skate, ecologisme, paddle surf de m\u00e0 de Agro Rural Surf, l&#039;escola de surf de la Costa Brava.\" \/>\n<meta name=\"robots\" content=\"index, follow, max-snippet:-1, max-image-preview:large, max-video-preview:-1\" \/>\n<link rel=\"canonical\" href=\"https:\/\/www.agroruralsurf.com\/es\/sin-categorizar\/8-de-junio-dia-mundial-de-los-oceanos\/\" \/>\n<meta property=\"og:locale\" content=\"es_ES\" \/>\n<meta property=\"og:type\" content=\"article\" \/>\n<meta property=\"og:title\" content=\"8 de Junio. D\u00eda mundial de los oc\u00e9anos - agroruralsurf\" \/>\n<meta property=\"og:description\" content=\"Not\u00edces de surf, skate, ecologisme, paddle surf de m\u00e0 de Agro Rural Surf, l&#039;escola de surf de la Costa Brava.\" \/>\n<meta property=\"og:url\" content=\"https:\/\/www.agroruralsurf.com\/es\/sin-categorizar\/8-de-junio-dia-mundial-de-los-oceanos\/\" \/>\n<meta property=\"og:site_name\" content=\"agroruralsurf\" \/>\n<meta property=\"article:publisher\" content=\"https:\/\/www.facebook.com\/agroruralsurf\/\" \/>\n<meta property=\"article:published_time\" content=\"2022-06-07T15:53:00+00:00\" \/>\n<meta property=\"article:modified_time\" content=\"2022-08-05T10:51:10+00:00\" \/>\n<meta property=\"og:image\" content=\"https:\/\/www.agroruralsurf.com\/wp-content\/uploads\/2022\/06\/Agroruralsuf_escoladesurf_emporda\u0300_diamundialdelsoceans_surf-min.jpg\" \/>\n\t<meta property=\"og:image:width\" content=\"1500\" \/>\n\t<meta property=\"og:image:height\" content=\"1000\" \/>\n\t<meta property=\"og:image:type\" content=\"image\/jpeg\" \/>\n<meta name=\"author\" content=\"Agroruralsurf\" \/>\n<meta name=\"twitter:card\" content=\"summary_large_image\" \/>\n<meta name=\"twitter:label1\" content=\"Escrito por\" \/>\n\t<meta name=\"twitter:data1\" content=\"Agroruralsurf\" \/>\n\t<meta name=\"twitter:label2\" content=\"Tiempo de lectura\" \/>\n\t<meta name=\"twitter:data2\" content=\"4 minutos\" \/>\n<script type=\"application\/ld+json\" class=\"yoast-schema-graph\">{\"@context\":\"https:\/\/schema.org\",\"@graph\":[{\"@type\":\"Article\",\"@id\":\"https:\/\/www.agroruralsurf.com\/es\/sin-categorizar\/8-de-junio-dia-mundial-de-los-oceanos\/#article\",\"isPartOf\":{\"@id\":\"https:\/\/www.agroruralsurf.com\/es\/sin-categorizar\/8-de-junio-dia-mundial-de-los-oceanos\/\"},\"author\":{\"name\":\"Agroruralsurf\",\"@id\":\"https:\/\/www.agroruralsurf.com\/#\/schema\/person\/6a9d397e84a5bf3a324609a14025d026\"},\"headline\":\"8 de Junio. D\u00eda mundial de los oc\u00e9anos\",\"datePublished\":\"2022-06-07T15:53:00+00:00\",\"dateModified\":\"2022-08-05T10:51:10+00:00\",\"mainEntityOfPage\":{\"@id\":\"https:\/\/www.agroruralsurf.com\/es\/sin-categorizar\/8-de-junio-dia-mundial-de-los-oceanos\/\"},\"wordCount\":863,\"commentCount\":0,\"publisher\":{\"@id\":\"https:\/\/www.agroruralsurf.com\/#organization\"},\"articleSection\":[\"Estartit\",\"Sin categorizar\",\"surf\",\"take3forthesea\"],\"inLanguage\":\"es\",\"potentialAction\":[{\"@type\":\"CommentAction\",\"name\":\"Comment\",\"target\":[\"https:\/\/www.agroruralsurf.com\/es\/sin-categorizar\/8-de-junio-dia-mundial-de-los-oceanos\/#respond\"]}]},{\"@type\":\"WebPage\",\"@id\":\"https:\/\/www.agroruralsurf.com\/es\/sin-categorizar\/8-de-junio-dia-mundial-de-los-oceanos\/\",\"url\":\"https:\/\/www.agroruralsurf.com\/es\/sin-categorizar\/8-de-junio-dia-mundial-de-los-oceanos\/\",\"name\":\"8 de Junio. D\u00eda mundial de los oc\u00e9anos - agroruralsurf\",\"isPartOf\":{\"@id\":\"https:\/\/www.agroruralsurf.com\/#website\"},\"datePublished\":\"2022-06-07T15:53:00+00:00\",\"dateModified\":\"2022-08-05T10:51:10+00:00\",\"description\":\"Not\u00edces de surf, skate, ecologisme, paddle surf de m\u00e0 de Agro Rural Surf, l'escola de surf de la Costa Brava.\",\"breadcrumb\":{\"@id\":\"https:\/\/www.agroruralsurf.com\/es\/sin-categorizar\/8-de-junio-dia-mundial-de-los-oceanos\/#breadcrumb\"},\"inLanguage\":\"es\",\"potentialAction\":[{\"@type\":\"ReadAction\",\"target\":[\"https:\/\/www.agroruralsurf.com\/es\/sin-categorizar\/8-de-junio-dia-mundial-de-los-oceanos\/\"]}]},{\"@type\":\"BreadcrumbList\",\"@id\":\"https:\/\/www.agroruralsurf.com\/es\/sin-categorizar\/8-de-junio-dia-mundial-de-los-oceanos\/#breadcrumb\",\"itemListElement\":[{\"@type\":\"ListItem\",\"position\":1,\"name\":\"Inici\",\"item\":\"https:\/\/www.agroruralsurf.com\/\"},{\"@type\":\"ListItem\",\"position\":2,\"name\":\"8 de Junio. D\u00eda mundial de los oc\u00e9anos\"}]},{\"@type\":\"WebSite\",\"@id\":\"https:\/\/www.agroruralsurf.com\/#website\",\"url\":\"https:\/\/www.agroruralsurf.com\/\",\"name\":\"agroruralsurf\",\"description\":\"agroruralsurf\",\"publisher\":{\"@id\":\"https:\/\/www.agroruralsurf.com\/#organization\"},\"potentialAction\":[{\"@type\":\"SearchAction\",\"target\":{\"@type\":\"EntryPoint\",\"urlTemplate\":\"https:\/\/www.agroruralsurf.com\/?s={search_term_string}\"},\"query-input\":\"required name=search_term_string\"}],\"inLanguage\":\"es\"},{\"@type\":\"Organization\",\"@id\":\"https:\/\/www.agroruralsurf.com\/#organization\",\"name\":\"Agro Rural Surf\",\"url\":\"https:\/\/www.agroruralsurf.com\/\",\"sameAs\":[\"https:\/\/www.instagram.com\/agroruralsurf\/\",\"https:\/\/www.youtube.com\/channel\/UCqe6P2fGcAVgk66aE8VP_kA\",\"https:\/\/www.facebook.com\/agroruralsurf\/\"],\"logo\":{\"@type\":\"ImageObject\",\"inLanguage\":\"es\",\"@id\":\"https:\/\/www.agroruralsurf.com\/#\/schema\/logo\/image\/\",\"url\":\"https:\/\/www.agroruralsurf.com\/wp-content\/uploads\/2019\/11\/cropped-Logo-rodo-negre@2x.png\",\"contentUrl\":\"https:\/\/www.agroruralsurf.com\/wp-content\/uploads\/2019\/11\/cropped-Logo-rodo-negre@2x.png\",\"width\":512,\"height\":512,\"caption\":\"Agro Rural Surf\"},\"image\":{\"@id\":\"https:\/\/www.agroruralsurf.com\/#\/schema\/logo\/image\/\"}},{\"@type\":\"Person\",\"@id\":\"https:\/\/www.agroruralsurf.com\/#\/schema\/person\/6a9d397e84a5bf3a324609a14025d026\",\"name\":\"Agroruralsurf\",\"image\":{\"@type\":\"ImageObject\",\"inLanguage\":\"es\",\"@id\":\"https:\/\/www.agroruralsurf.com\/#\/schema\/person\/image\/\",\"url\":\"https:\/\/secure.gravatar.com\/avatar\/f2f33805529161db2e4e5a5a5db5762a?s=96&d=mm&r=g\",\"contentUrl\":\"https:\/\/secure.gravatar.com\/avatar\/f2f33805529161db2e4e5a5a5db5762a?s=96&d=mm&r=g\",\"caption\":\"Agroruralsurf\"},\"sameAs\":[\"tito\"],\"url\":\"https:\/\/www.agroruralsurf.com\/es\/author\/tito\/\"}]}<\/script>\n<!-- \/ Yoast SEO plugin. -->","yoast_head_json":{"title":"8 de Junio. D\u00eda mundial de los oc\u00e9anos - agroruralsurf","description":"Not\u00edces de surf, skate, ecologisme, paddle surf de m\u00e0 de Agro Rural Surf, l'escola de surf de la Costa Brava.","robots":{"index":"index","follow":"follow","max-snippet":"max-snippet:-1","max-image-preview":"max-image-preview:large","max-video-preview":"max-video-preview:-1"},"canonical":"https:\/\/www.agroruralsurf.com\/es\/sin-categorizar\/8-de-junio-dia-mundial-de-los-oceanos\/","og_locale":"es_ES","og_type":"article","og_title":"8 de Junio. D\u00eda mundial de los oc\u00e9anos - agroruralsurf","og_description":"Not\u00edces de surf, skate, ecologisme, paddle surf de m\u00e0 de Agro Rural Surf, l'escola de surf de la Costa Brava.","og_url":"https:\/\/www.agroruralsurf.com\/es\/sin-categorizar\/8-de-junio-dia-mundial-de-los-oceanos\/","og_site_name":"agroruralsurf","article_publisher":"https:\/\/www.facebook.com\/agroruralsurf\/","article_published_time":"2022-06-07T15:53:00+00:00","article_modified_time":"2022-08-05T10:51:10+00:00","og_image":[{"width":1500,"height":1000,"url":"https:\/\/www.agroruralsurf.com\/wp-content\/uploads\/2022\/06\/Agroruralsuf_escoladesurf_emporda\u0300_diamundialdelsoceans_surf-min.jpg","type":"image\/jpeg"}],"author":"Agroruralsurf","twitter_card":"summary_large_image","twitter_misc":{"Escrito por":"Agroruralsurf","Tiempo de lectura":"4 minutos"},"schema":{"@context":"https:\/\/schema.org","@graph":[{"@type":"Article","@id":"https:\/\/www.agroruralsurf.com\/es\/sin-categorizar\/8-de-junio-dia-mundial-de-los-oceanos\/#article","isPartOf":{"@id":"https:\/\/www.agroruralsurf.com\/es\/sin-categorizar\/8-de-junio-dia-mundial-de-los-oceanos\/"},"author":{"name":"Agroruralsurf","@id":"https:\/\/www.agroruralsurf.com\/#\/schema\/person\/6a9d397e84a5bf3a324609a14025d026"},"headline":"8 de Junio. D\u00eda mundial de los oc\u00e9anos","datePublished":"2022-06-07T15:53:00+00:00","dateModified":"2022-08-05T10:51:10+00:00","mainEntityOfPage":{"@id":"https:\/\/www.agroruralsurf.com\/es\/sin-categorizar\/8-de-junio-dia-mundial-de-los-oceanos\/"},"wordCount":863,"commentCount":0,"publisher":{"@id":"https:\/\/www.agroruralsurf.com\/#organization"},"articleSection":["Estartit","Sin categorizar","surf","take3forthesea"],"inLanguage":"es","potentialAction":[{"@type":"CommentAction","name":"Comment","target":["https:\/\/www.agroruralsurf.com\/es\/sin-categorizar\/8-de-junio-dia-mundial-de-los-oceanos\/#respond"]}]},{"@type":"WebPage","@id":"https:\/\/www.agroruralsurf.com\/es\/sin-categorizar\/8-de-junio-dia-mundial-de-los-oceanos\/","url":"https:\/\/www.agroruralsurf.com\/es\/sin-categorizar\/8-de-junio-dia-mundial-de-los-oceanos\/","name":"8 de Junio. D\u00eda mundial de los oc\u00e9anos - agroruralsurf","isPartOf":{"@id":"https:\/\/www.agroruralsurf.com\/#website"},"datePublished":"2022-06-07T15:53:00+00:00","dateModified":"2022-08-05T10:51:10+00:00","description":"Not\u00edces de surf, skate, ecologisme, paddle surf de m\u00e0 de Agro Rural Surf, l'escola de surf de la Costa Brava.","breadcrumb":{"@id":"https:\/\/www.agroruralsurf.com\/es\/sin-categorizar\/8-de-junio-dia-mundial-de-los-oceanos\/#breadcrumb"},"inLanguage":"es","potentialAction":[{"@type":"ReadAction","target":["https:\/\/www.agroruralsurf.com\/es\/sin-categorizar\/8-de-junio-dia-mundial-de-los-oceanos\/"]}]},{"@type":"BreadcrumbList","@id":"https:\/\/www.agroruralsurf.com\/es\/sin-categorizar\/8-de-junio-dia-mundial-de-los-oceanos\/#breadcrumb","itemListElement":[{"@type":"ListItem","position":1,"name":"Inici","item":"https:\/\/www.agroruralsurf.com\/"},{"@type":"ListItem","position":2,"name":"8 de Junio. D\u00eda mundial de los oc\u00e9anos"}]},{"@type":"WebSite","@id":"https:\/\/www.agroruralsurf.com\/#website","url":"https:\/\/www.agroruralsurf.com\/","name":"agroruralsurf","description":"agroruralsurf","publisher":{"@id":"https:\/\/www.agroruralsurf.com\/#organization"},"potentialAction":[{"@type":"SearchAction","target":{"@type":"EntryPoint","urlTemplate":"https:\/\/www.agroruralsurf.com\/?s={search_term_string}"},"query-input":"required name=search_term_string"}],"inLanguage":"es"},{"@type":"Organization","@id":"https:\/\/www.agroruralsurf.com\/#organization","name":"Agro Rural Surf","url":"https:\/\/www.agroruralsurf.com\/","sameAs":["https:\/\/www.instagram.com\/agroruralsurf\/","https:\/\/www.youtube.com\/channel\/UCqe6P2fGcAVgk66aE8VP_kA","https:\/\/www.facebook.com\/agroruralsurf\/"],"logo":{"@type":"ImageObject","inLanguage":"es","@id":"https:\/\/www.agroruralsurf.com\/#\/schema\/logo\/image\/","url":"https:\/\/www.agroruralsurf.com\/wp-content\/uploads\/2019\/11\/cropped-Logo-rodo-negre@2x.png","contentUrl":"https:\/\/www.agroruralsurf.com\/wp-content\/uploads\/2019\/11\/cropped-Logo-rodo-negre@2x.png","width":512,"height":512,"caption":"Agro Rural Surf"},"image":{"@id":"https:\/\/www.agroruralsurf.com\/#\/schema\/logo\/image\/"}},{"@type":"Person","@id":"https:\/\/www.agroruralsurf.com\/#\/schema\/person\/6a9d397e84a5bf3a324609a14025d026","name":"Agroruralsurf","image":{"@type":"ImageObject","inLanguage":"es","@id":"https:\/\/www.agroruralsurf.com\/#\/schema\/person\/image\/","url":"https:\/\/secure.gravatar.com\/avatar\/f2f33805529161db2e4e5a5a5db5762a?s=96&d=mm&r=g","contentUrl":"https:\/\/secure.gravatar.com\/avatar\/f2f33805529161db2e4e5a5a5db5762a?s=96&d=mm&r=g","caption":"Agroruralsurf"},"sameAs":["tito"],"url":"https:\/\/www.agroruralsurf.com\/es\/author\/tito\/"}]}},"_links":{"self":[{"href":"https:\/\/www.agroruralsurf.com\/es\/wp-json\/wp\/v2\/posts\/26099"}],"collection":[{"href":"https:\/\/www.agroruralsurf.com\/es\/wp-json\/wp\/v2\/posts"}],"about":[{"href":"https:\/\/www.agroruralsurf.com\/es\/wp-json\/wp\/v2\/types\/post"}],"author":[{"embeddable":true,"href":"https:\/\/www.agroruralsurf.com\/es\/wp-json\/wp\/v2\/users\/3"}],"replies":[{"embeddable":true,"href":"https:\/\/www.agroruralsurf.com\/es\/wp-json\/wp\/v2\/comments?post=26099"}],"version-history":[{"count":0,"href":"https:\/\/www.agroruralsurf.com\/es\/wp-json\/wp\/v2\/posts\/26099\/revisions"}],"wp:featuredmedia":[{"embeddable":true,"href":"https:\/\/www.agroruralsurf.com\/es\/wp-json\/wp\/v2\/media\/25866"}],"wp:attachment":[{"href":"https:\/\/www.agroruralsurf.com\/es\/wp-json\/wp\/v2\/media?parent=26099"}],"wp:term":[{"taxonomy":"category","embeddable":true,"href":"https:\/\/www.agroruralsurf.com\/es\/wp-json\/wp\/v2\/categories?post=26099"},{"taxonomy":"post_tag","embeddable":true,"href":"https:\/\/www.agroruralsurf.com\/es\/wp-json\/wp\/v2\/tags?post=26099"}],"curies":[{"name":"wp","href":"https:\/\/api.w.org\/{rel}","templated":true}]}}