{"id":26104,"date":"2022-03-01T15:16:23","date_gmt":"2022-03-01T15:16:23","guid":{"rendered":"https:\/\/www.agroruralsurf.com\/sin-categorizar\/beach-clean-up-6-de-marzo\/"},"modified":"2022-03-01T15:16:23","modified_gmt":"2022-03-01T15:16:23","slug":"beach-clean-up-6-de-marzo","status":"publish","type":"post","link":"https:\/\/www.agroruralsurf.com\/es\/take3forthesea-es\/beach-clean-up-6-de-marzo\/","title":{"rendered":"BEACH CLEAN UP &#8211; 6 de marzo"},"content":{"rendered":"<p><strong><span style=\"font-size: 24pt;\">Recogida de residuos en la Playa del estartit<\/span><\/strong><\/p>\n<p>Prepar\u00e9monos para volver a las playas, preparamos las playas para poder volver. Ay\u00fadanos a dejar la playa de l&#8217;Estartit libre de residuos ya realizar un acto m\u00e1s de concienciaci\u00f3n ambiental. Queremos despertar el esp\u00edritu ecologista a todo el que todav\u00eda no ha hecho el click.<\/p>\n<p>El domingo d\u00eda 6 de marzo a las 10h nos encontramos en la Pineda de l&#8217;Estartit, para hacer una recogida en colaboraci\u00f3n con @surfrider y @totmesnet_. \u00a1Empezamos la temporada con las playas libres de residuos!<\/p>\n<p>Lleve guantes y bolsas de basura&#8230;<\/p>\n<p>&nbsp;<\/p>\n<p>m\u00e1s informaci\u00f3n:<\/p>\n<p>INSTAGRAM<\/p>\n<p>&nbsp;<\/p>\n<p>\u00a1Os esperamos!<\/p>\n","protected":false},"excerpt":{"rendered":"<p>Recogida de residuos en la Playa del estartit Prepar\u00e9monos para volver a las playas, preparamos las playas para poder volver. Ay\u00fadanos a dejar la playa de l&#8217;Estartit libre de residuos&#8230;<\/p>\n","protected":false},"author":3,"featured_media":25754,"comment_status":"open","ping_status":"open","sticky":false,"template":"","format":"standard","meta":[],"categories":[547,561,562,546],"tags":[560,565,563,564,566,567],"yoast_head":"<!-- This site is optimized with the Yoast SEO plugin v19.6.1 - https:\/\/yoast.com\/wordpress\/plugins\/seo\/ -->\n<title>Beach clean up recogida selectiva de residuos en la playa de l&#039;Estartit<\/title>\n<meta name=\"description\" content=\"El domingo d\u00eda 6 de marzo a las 11h nos encontramos en la Pineda de l&#039;Estartit, para hacer una recogida en colaboraci\u00f3n con @surfrider y @totmesnet_.\" \/>\n<meta name=\"robots\" content=\"index, follow, max-snippet:-1, max-image-preview:large, max-video-preview:-1\" \/>\n<link rel=\"canonical\" href=\"https:\/\/www.agroruralsurf.com\/take3forthesea\/recollida-de-residus-a-la-platja-de-lestartit\/\" \/>\n<meta property=\"og:locale\" content=\"es_ES\" \/>\n<meta property=\"og:type\" content=\"article\" \/>\n<meta property=\"og:title\" content=\"Beach clean up recogida selectiva de residuos en la playa de l&#039;Estartit\" \/>\n<meta property=\"og:description\" content=\"El domingo d\u00eda 6 de marzo a las 11h nos encontramos en la Pineda de l&#039;Estartit, para hacer una recogida en colaboraci\u00f3n con @surfrider y @totmesnet_.\" \/>\n<meta property=\"og:url\" content=\"https:\/\/www.agroruralsurf.com\/take3forthesea\/recollida-de-residus-a-la-platja-de-lestartit\/\" \/>\n<meta property=\"og:site_name\" content=\"agroruralsurf\" \/>\n<meta property=\"article:publisher\" content=\"https:\/\/www.facebook.com\/agroruralsurf\/\" \/>\n<meta property=\"article:published_time\" content=\"2022-03-01T15:16:23+00:00\" \/>\n<meta property=\"og:image\" content=\"https:\/\/www.agroruralsurf.com\/wp-content\/uploads\/2022\/03\/beach-clean-up-banner.jpg\" \/>\n\t<meta property=\"og:image:width\" content=\"1600\" \/>\n\t<meta property=\"og:image:height\" content=\"1050\" \/>\n\t<meta property=\"og:image:type\" content=\"image\/jpeg\" \/>\n<meta name=\"author\" content=\"Agroruralsurf\" \/>\n<meta name=\"twitter:card\" content=\"summary_large_image\" \/>\n<meta name=\"twitter:label1\" content=\"Escrito por\" \/>\n\t<meta name=\"twitter:data1\" content=\"Agroruralsurf\" \/>\n\t<meta name=\"twitter:label2\" content=\"Tiempo de lectura\" \/>\n\t<meta name=\"twitter:data2\" content=\"1 minuto\" \/>\n<script type=\"application\/ld+json\" class=\"yoast-schema-graph\">{\"@context\":\"https:\/\/schema.org\",\"@graph\":[{\"@type\":\"Article\",\"@id\":\"https:\/\/www.agroruralsurf.com\/take3forthesea\/recollida-de-residus-a-la-platja-de-lestartit\/#article\",\"isPartOf\":{\"@id\":\"https:\/\/www.agroruralsurf.com\/take3forthesea\/recollida-de-residus-a-la-platja-de-lestartit\/\"},\"author\":{\"name\":\"Agroruralsurf\",\"@id\":\"https:\/\/www.agroruralsurf.com\/#\/schema\/person\/6a9d397e84a5bf3a324609a14025d026\"},\"headline\":\"BEACH CLEAN UP &#8211; 6 de marzo\",\"datePublished\":\"2022-03-01T15:16:23+00:00\",\"dateModified\":\"2022-03-01T15:16:23+00:00\",\"mainEntityOfPage\":{\"@id\":\"https:\/\/www.agroruralsurf.com\/take3forthesea\/recollida-de-residus-a-la-platja-de-lestartit\/\"},\"wordCount\":116,\"commentCount\":0,\"publisher\":{\"@id\":\"https:\/\/www.agroruralsurf.com\/#organization\"},\"keywords\":[\"Estartit\",\"medio ambiente\",\"recogida\",\"recogida selectiva\",\"surfriderfoundation\",\"totmesnet\"],\"articleSection\":[\"Estartit\",\"limpieza de playas\",\"medio ambiente\",\"take3forthesea\"],\"inLanguage\":\"es\",\"potentialAction\":[{\"@type\":\"CommentAction\",\"name\":\"Comment\",\"target\":[\"https:\/\/www.agroruralsurf.com\/take3forthesea\/recollida-de-residus-a-la-platja-de-lestartit\/#respond\"]}]},{\"@type\":\"WebPage\",\"@id\":\"https:\/\/www.agroruralsurf.com\/take3forthesea\/recollida-de-residus-a-la-platja-de-lestartit\/\",\"url\":\"https:\/\/www.agroruralsurf.com\/take3forthesea\/recollida-de-residus-a-la-platja-de-lestartit\/\",\"name\":\"Beach clean up recogida selectiva de residuos en la playa de l'Estartit\",\"isPartOf\":{\"@id\":\"https:\/\/www.agroruralsurf.com\/#website\"},\"datePublished\":\"2022-03-01T15:16:23+00:00\",\"dateModified\":\"2022-03-01T15:16:23+00:00\",\"description\":\"El domingo d\u00eda 6 de marzo a las 11h nos encontramos en la Pineda de l'Estartit, para hacer una recogida en colaboraci\u00f3n con @surfrider y @totmesnet_.\",\"breadcrumb\":{\"@id\":\"https:\/\/www.agroruralsurf.com\/take3forthesea\/recollida-de-residus-a-la-platja-de-lestartit\/#breadcrumb\"},\"inLanguage\":\"es\",\"potentialAction\":[{\"@type\":\"ReadAction\",\"target\":[\"https:\/\/www.agroruralsurf.com\/take3forthesea\/recollida-de-residus-a-la-platja-de-lestartit\/\"]}]},{\"@type\":\"BreadcrumbList\",\"@id\":\"https:\/\/www.agroruralsurf.com\/take3forthesea\/recollida-de-residus-a-la-platja-de-lestartit\/#breadcrumb\",\"itemListElement\":[{\"@type\":\"ListItem\",\"position\":1,\"name\":\"Inici\",\"item\":\"https:\/\/www.agroruralsurf.com\/\"},{\"@type\":\"ListItem\",\"position\":2,\"name\":\"BEACH CLEAN UP &#8211; 6 de marzo\"}]},{\"@type\":\"WebSite\",\"@id\":\"https:\/\/www.agroruralsurf.com\/#website\",\"url\":\"https:\/\/www.agroruralsurf.com\/\",\"name\":\"agroruralsurf\",\"description\":\"agroruralsurf\",\"publisher\":{\"@id\":\"https:\/\/www.agroruralsurf.com\/#organization\"},\"potentialAction\":[{\"@type\":\"SearchAction\",\"target\":{\"@type\":\"EntryPoint\",\"urlTemplate\":\"https:\/\/www.agroruralsurf.com\/?s={search_term_string}\"},\"query-input\":\"required name=search_term_string\"}],\"inLanguage\":\"es\"},{\"@type\":\"Organization\",\"@id\":\"https:\/\/www.agroruralsurf.com\/#organization\",\"name\":\"Agro Rural Surf\",\"url\":\"https:\/\/www.agroruralsurf.com\/\",\"sameAs\":[\"https:\/\/www.instagram.com\/agroruralsurf\/\",\"https:\/\/www.youtube.com\/channel\/UCqe6P2fGcAVgk66aE8VP_kA\",\"https:\/\/www.facebook.com\/agroruralsurf\/\"],\"logo\":{\"@type\":\"ImageObject\",\"inLanguage\":\"es\",\"@id\":\"https:\/\/www.agroruralsurf.com\/#\/schema\/logo\/image\/\",\"url\":\"https:\/\/www.agroruralsurf.com\/wp-content\/uploads\/2019\/11\/cropped-Logo-rodo-negre@2x.png\",\"contentUrl\":\"https:\/\/www.agroruralsurf.com\/wp-content\/uploads\/2019\/11\/cropped-Logo-rodo-negre@2x.png\",\"width\":512,\"height\":512,\"caption\":\"Agro Rural Surf\"},\"image\":{\"@id\":\"https:\/\/www.agroruralsurf.com\/#\/schema\/logo\/image\/\"}},{\"@type\":\"Person\",\"@id\":\"https:\/\/www.agroruralsurf.com\/#\/schema\/person\/6a9d397e84a5bf3a324609a14025d026\",\"name\":\"Agroruralsurf\",\"image\":{\"@type\":\"ImageObject\",\"inLanguage\":\"es\",\"@id\":\"https:\/\/www.agroruralsurf.com\/#\/schema\/person\/image\/\",\"url\":\"https:\/\/secure.gravatar.com\/avatar\/f2f33805529161db2e4e5a5a5db5762a?s=96&d=mm&r=g\",\"contentUrl\":\"https:\/\/secure.gravatar.com\/avatar\/f2f33805529161db2e4e5a5a5db5762a?s=96&d=mm&r=g\",\"caption\":\"Agroruralsurf\"},\"sameAs\":[\"tito\"],\"url\":\"https:\/\/www.agroruralsurf.com\/es\/author\/tito\/\"}]}<\/script>\n<!-- \/ Yoast SEO plugin. -->","yoast_head_json":{"title":"Beach clean up recogida selectiva de residuos en la playa de l'Estartit","description":"El domingo d\u00eda 6 de marzo a las 11h nos encontramos en la Pineda de l'Estartit, para hacer una recogida en colaboraci\u00f3n con @surfrider y @totmesnet_.","robots":{"index":"index","follow":"follow","max-snippet":"max-snippet:-1","max-image-preview":"max-image-preview:large","max-video-preview":"max-video-preview:-1"},"canonical":"https:\/\/www.agroruralsurf.com\/take3forthesea\/recollida-de-residus-a-la-platja-de-lestartit\/","og_locale":"es_ES","og_type":"article","og_title":"Beach clean up recogida selectiva de residuos en la playa de l'Estartit","og_description":"El domingo d\u00eda 6 de marzo a las 11h nos encontramos en la Pineda de l'Estartit, para hacer una recogida en colaboraci\u00f3n con @surfrider y @totmesnet_.","og_url":"https:\/\/www.agroruralsurf.com\/take3forthesea\/recollida-de-residus-a-la-platja-de-lestartit\/","og_site_name":"agroruralsurf","article_publisher":"https:\/\/www.facebook.com\/agroruralsurf\/","article_published_time":"2022-03-01T15:16:23+00:00","og_image":[{"width":1600,"height":1050,"url":"https:\/\/www.agroruralsurf.com\/wp-content\/uploads\/2022\/03\/beach-clean-up-banner.jpg","type":"image\/jpeg"}],"author":"Agroruralsurf","twitter_card":"summary_large_image","twitter_misc":{"Escrito por":"Agroruralsurf","Tiempo de lectura":"1 minuto"},"schema":{"@context":"https:\/\/schema.org","@graph":[{"@type":"Article","@id":"https:\/\/www.agroruralsurf.com\/take3forthesea\/recollida-de-residus-a-la-platja-de-lestartit\/#article","isPartOf":{"@id":"https:\/\/www.agroruralsurf.com\/take3forthesea\/recollida-de-residus-a-la-platja-de-lestartit\/"},"author":{"name":"Agroruralsurf","@id":"https:\/\/www.agroruralsurf.com\/#\/schema\/person\/6a9d397e84a5bf3a324609a14025d026"},"headline":"BEACH CLEAN UP &#8211; 6 de marzo","datePublished":"2022-03-01T15:16:23+00:00","dateModified":"2022-03-01T15:16:23+00:00","mainEntityOfPage":{"@id":"https:\/\/www.agroruralsurf.com\/take3forthesea\/recollida-de-residus-a-la-platja-de-lestartit\/"},"wordCount":116,"commentCount":0,"publisher":{"@id":"https:\/\/www.agroruralsurf.com\/#organization"},"keywords":["Estartit","medio ambiente","recogida","recogida selectiva","surfriderfoundation","totmesnet"],"articleSection":["Estartit","limpieza de playas","medio ambiente","take3forthesea"],"inLanguage":"es","potentialAction":[{"@type":"CommentAction","name":"Comment","target":["https:\/\/www.agroruralsurf.com\/take3forthesea\/recollida-de-residus-a-la-platja-de-lestartit\/#respond"]}]},{"@type":"WebPage","@id":"https:\/\/www.agroruralsurf.com\/take3forthesea\/recollida-de-residus-a-la-platja-de-lestartit\/","url":"https:\/\/www.agroruralsurf.com\/take3forthesea\/recollida-de-residus-a-la-platja-de-lestartit\/","name":"Beach clean up recogida selectiva de residuos en la playa de l'Estartit","isPartOf":{"@id":"https:\/\/www.agroruralsurf.com\/#website"},"datePublished":"2022-03-01T15:16:23+00:00","dateModified":"2022-03-01T15:16:23+00:00","description":"El domingo d\u00eda 6 de marzo a las 11h nos encontramos en la Pineda de l'Estartit, para hacer una recogida en colaboraci\u00f3n con @surfrider y @totmesnet_.","breadcrumb":{"@id":"https:\/\/www.agroruralsurf.com\/take3forthesea\/recollida-de-residus-a-la-platja-de-lestartit\/#breadcrumb"},"inLanguage":"es","potentialAction":[{"@type":"ReadAction","target":["https:\/\/www.agroruralsurf.com\/take3forthesea\/recollida-de-residus-a-la-platja-de-lestartit\/"]}]},{"@type":"BreadcrumbList","@id":"https:\/\/www.agroruralsurf.com\/take3forthesea\/recollida-de-residus-a-la-platja-de-lestartit\/#breadcrumb","itemListElement":[{"@type":"ListItem","position":1,"name":"Inici","item":"https:\/\/www.agroruralsurf.com\/"},{"@type":"ListItem","position":2,"name":"BEACH CLEAN UP &#8211; 6 de marzo"}]},{"@type":"WebSite","@id":"https:\/\/www.agroruralsurf.com\/#website","url":"https:\/\/www.agroruralsurf.com\/","name":"agroruralsurf","description":"agroruralsurf","publisher":{"@id":"https:\/\/www.agroruralsurf.com\/#organization"},"potentialAction":[{"@type":"SearchAction","target":{"@type":"EntryPoint","urlTemplate":"https:\/\/www.agroruralsurf.com\/?s={search_term_string}"},"query-input":"required name=search_term_string"}],"inLanguage":"es"},{"@type":"Organization","@id":"https:\/\/www.agroruralsurf.com\/#organization","name":"Agro Rural Surf","url":"https:\/\/www.agroruralsurf.com\/","sameAs":["https:\/\/www.instagram.com\/agroruralsurf\/","https:\/\/www.youtube.com\/channel\/UCqe6P2fGcAVgk66aE8VP_kA","https:\/\/www.facebook.com\/agroruralsurf\/"],"logo":{"@type":"ImageObject","inLanguage":"es","@id":"https:\/\/www.agroruralsurf.com\/#\/schema\/logo\/image\/","url":"https:\/\/www.agroruralsurf.com\/wp-content\/uploads\/2019\/11\/cropped-Logo-rodo-negre@2x.png","contentUrl":"https:\/\/www.agroruralsurf.com\/wp-content\/uploads\/2019\/11\/cropped-Logo-rodo-negre@2x.png","width":512,"height":512,"caption":"Agro Rural Surf"},"image":{"@id":"https:\/\/www.agroruralsurf.com\/#\/schema\/logo\/image\/"}},{"@type":"Person","@id":"https:\/\/www.agroruralsurf.com\/#\/schema\/person\/6a9d397e84a5bf3a324609a14025d026","name":"Agroruralsurf","image":{"@type":"ImageObject","inLanguage":"es","@id":"https:\/\/www.agroruralsurf.com\/#\/schema\/person\/image\/","url":"https:\/\/secure.gravatar.com\/avatar\/f2f33805529161db2e4e5a5a5db5762a?s=96&d=mm&r=g","contentUrl":"https:\/\/secure.gravatar.com\/avatar\/f2f33805529161db2e4e5a5a5db5762a?s=96&d=mm&r=g","caption":"Agroruralsurf"},"sameAs":["tito"],"url":"https:\/\/www.agroruralsurf.com\/es\/author\/tito\/"}]}},"_links":{"self":[{"href":"https:\/\/www.agroruralsurf.com\/es\/wp-json\/wp\/v2\/posts\/26104"}],"collection":[{"href":"https:\/\/www.agroruralsurf.com\/es\/wp-json\/wp\/v2\/posts"}],"about":[{"href":"https:\/\/www.agroruralsurf.com\/es\/wp-json\/wp\/v2\/types\/post"}],"author":[{"embeddable":true,"href":"https:\/\/www.agroruralsurf.com\/es\/wp-json\/wp\/v2\/users\/3"}],"replies":[{"embeddable":true,"href":"https:\/\/www.agroruralsurf.com\/es\/wp-json\/wp\/v2\/comments?post=26104"}],"version-history":[{"count":0,"href":"https:\/\/www.agroruralsurf.com\/es\/wp-json\/wp\/v2\/posts\/26104\/revisions"}],"wp:featuredmedia":[{"embeddable":true,"href":"https:\/\/www.agroruralsurf.com\/es\/wp-json\/wp\/v2\/media\/25754"}],"wp:attachment":[{"href":"https:\/\/www.agroruralsurf.com\/es\/wp-json\/wp\/v2\/media?parent=26104"}],"wp:term":[{"taxonomy":"category","embeddable":true,"href":"https:\/\/www.agroruralsurf.com\/es\/wp-json\/wp\/v2\/categories?post=26104"},{"taxonomy":"post_tag","embeddable":true,"href":"https:\/\/www.agroruralsurf.com\/es\/wp-json\/wp\/v2\/tags?post=26104"}],"curies":[{"name":"wp","href":"https:\/\/api.w.org\/{rel}","templated":true}]}}