{"id":26114,"date":"2020-06-09T19:17:54","date_gmt":"2020-06-09T19:17:54","guid":{"rendered":"https:\/\/www.agroruralsurf.com\/sin-categorizar\/campana-yo-me-planto-en-el-emporda\/"},"modified":"2020-06-09T19:17:54","modified_gmt":"2020-06-09T19:17:54","slug":"campana-yo-me-planto-en-el-emporda","status":"publish","type":"post","link":"https:\/\/www.agroruralsurf.com\/es\/coronavirus-2020-es\/campana-yo-me-planto-en-el-emporda\/","title":{"rendered":"Campa\u00f1a \u00abYo me planto en el Empord\u00e0\u00bb"},"content":{"rendered":"<p>\u00abYo me planto en el Empord\u00e0\u00bb es el lema de la nueva campa\u00f1a para promocionar el turismo de proximidad, impulsada por los Consejos Comarcales del Alt y el Baix Empord\u00e0. Desde la escuela nos sumamos a la iniciativa para incentivar el turismo de proximidad, en un contexto en el que se limita la movilidad, debido a la crisis de la COVID-19.<\/p>\n<p>El Empord\u00e0 no es s\u00f3lo una co-marca, es un destino lleno de rincones por descubrir. Rincones con un gran valor paisaj\u00edstico y cultural, que una vez visites, nunca olvidar\u00e1s. Una experiencia \u00fanica, donde la tierra y el mar se llenan de colores, texturas y experiencias propias. Donde la tranquilidad, singularidad y libertad se encuentran dentro de un mismo entorno.<\/p>\n<p>A continuaci\u00f3n os dejamos el espot que ha realizado la productora Visual13, \u00edntegramente durante este confinamiento, y que pretende que los espectadores puedan sentir con su propia piel lo que es el Empord\u00e0. Para m\u00e1s informaci\u00f3n: www.emporda.cat<\/p>\n<div style=\"width: 640px;\" class=\"wp-video\"><!--[if lt IE 9]><script>document.createElement('video');<\/script><![endif]-->\n<video class=\"wp-video-shortcode\" id=\"video-26114-1\" width=\"640\" height=\"360\" autoplay=\"1\" preload=\"metadata\" controls=\"controls\"><source type=\"video\/mp4\" src=\"https:\/\/www.agroruralsurf.com\/wp-content\/uploads\/2020\/06\/WhatsApp-Video-2020-06-09-at-09.44.05.mp4?_=1\" \/><a href=\"https:\/\/www.agroruralsurf.com\/wp-content\/uploads\/2020\/06\/WhatsApp-Video-2020-06-09-at-09.44.05.mp4\">https:\/\/www.agroruralsurf.com\/wp-content\/uploads\/2020\/06\/WhatsApp-Video-2020-06-09-at-09.44.05.mp4<\/a><\/video><\/div>\n","protected":false},"excerpt":{"rendered":"<p>\u00abYo me planto en el Empord\u00e0\u00bb es el lema de la nueva campa\u00f1a para promocionar el turismo de proximidad, impulsada por los Consejos Comarcales del Alt y el Baix Empord\u00e0&#8230;.<\/p>\n","protected":false},"author":3,"featured_media":24608,"comment_status":"open","ping_status":"open","sticky":false,"template":"","format":"standard","meta":[],"categories":[593],"tags":[613,552,617,591,548,615,616,614],"yoast_head":"<!-- This site is optimized with the Yoast SEO plugin v19.6.1 - https:\/\/yoast.com\/wordpress\/plugins\/seo\/ -->\n<title>Campa\u00f1a &quot;Yo me planto en el Empord\u00e0&quot; - agroruralsurf<\/title>\n<meta name=\"description\" content=\"Not\u00edces de surf, skate, ecologisme, paddle surf de m\u00e0 de Agro Rural Surf, l&#039;escola de surf de la Costa Brava.\" \/>\n<meta name=\"robots\" content=\"index, follow, max-snippet:-1, max-image-preview:large, max-video-preview:-1\" \/>\n<link rel=\"canonical\" href=\"https:\/\/www.agroruralsurf.com\/sin-categorizar\/campana-yo-me-planto-en-el-emporda\/\" \/>\n<meta property=\"og:locale\" content=\"es_ES\" \/>\n<meta property=\"og:type\" content=\"article\" \/>\n<meta property=\"og:title\" content=\"Campa\u00f1a &quot;Yo me planto en el Empord\u00e0&quot; - agroruralsurf\" \/>\n<meta property=\"og:description\" content=\"Not\u00edces de surf, skate, ecologisme, paddle surf de m\u00e0 de Agro Rural Surf, l&#039;escola de surf de la Costa Brava.\" \/>\n<meta property=\"og:url\" content=\"https:\/\/www.agroruralsurf.com\/sin-categorizar\/campana-yo-me-planto-en-el-emporda\/\" \/>\n<meta property=\"og:site_name\" content=\"agroruralsurf\" \/>\n<meta property=\"article:publisher\" content=\"https:\/\/www.facebook.com\/agroruralsurf\/\" \/>\n<meta property=\"article:published_time\" content=\"2020-06-09T19:17:54+00:00\" \/>\n<meta property=\"og:image\" content=\"https:\/\/www.agroruralsurf.com\/wp-content\/uploads\/2021\/05\/WEB2-scaled.jpg\" \/>\n\t<meta property=\"og:image:width\" content=\"2560\" \/>\n\t<meta property=\"og:image:height\" content=\"1536\" \/>\n\t<meta property=\"og:image:type\" content=\"image\/jpeg\" \/>\n<meta name=\"author\" content=\"Agroruralsurf\" \/>\n<meta name=\"twitter:card\" content=\"summary_large_image\" \/>\n<meta name=\"twitter:label1\" content=\"Escrito por\" \/>\n\t<meta name=\"twitter:data1\" content=\"Agroruralsurf\" \/>\n\t<meta name=\"twitter:label2\" content=\"Tiempo de lectura\" \/>\n\t<meta name=\"twitter:data2\" content=\"1 minuto\" \/>\n<script type=\"application\/ld+json\" class=\"yoast-schema-graph\">{\"@context\":\"https:\/\/schema.org\",\"@graph\":[{\"@type\":\"Article\",\"@id\":\"https:\/\/www.agroruralsurf.com\/sin-categorizar\/campana-yo-me-planto-en-el-emporda\/#article\",\"isPartOf\":{\"@id\":\"https:\/\/www.agroruralsurf.com\/sin-categorizar\/campana-yo-me-planto-en-el-emporda\/\"},\"author\":{\"name\":\"Agroruralsurf\",\"@id\":\"https:\/\/www.agroruralsurf.com\/#\/schema\/person\/6a9d397e84a5bf3a324609a14025d026\"},\"headline\":\"Campa\u00f1a \u00abYo me planto en el Empord\u00e0\u00bb\",\"datePublished\":\"2020-06-09T19:17:54+00:00\",\"dateModified\":\"2020-06-09T19:17:54+00:00\",\"mainEntityOfPage\":{\"@id\":\"https:\/\/www.agroruralsurf.com\/sin-categorizar\/campana-yo-me-planto-en-el-emporda\/\"},\"wordCount\":192,\"commentCount\":0,\"publisher\":{\"@id\":\"https:\/\/www.agroruralsurf.com\/#organization\"},\"keywords\":[\"actividades para ni\u00f1os costa brava\",\"Agroruralsurf\",\"costabrava\",\"Empord\u00e0\",\"escuela de surf empord\u00e0\",\"escueladesurfemporda\",\"joemplantoalemporda\",\"viaje surf empord\u00e0\"],\"articleSection\":[\"Coronavirus 2020\"],\"inLanguage\":\"es\",\"potentialAction\":[{\"@type\":\"CommentAction\",\"name\":\"Comment\",\"target\":[\"https:\/\/www.agroruralsurf.com\/sin-categorizar\/campana-yo-me-planto-en-el-emporda\/#respond\"]}]},{\"@type\":\"WebPage\",\"@id\":\"https:\/\/www.agroruralsurf.com\/sin-categorizar\/campana-yo-me-planto-en-el-emporda\/\",\"url\":\"https:\/\/www.agroruralsurf.com\/sin-categorizar\/campana-yo-me-planto-en-el-emporda\/\",\"name\":\"Campa\u00f1a \\\"Yo me planto en el Empord\u00e0\\\" - agroruralsurf\",\"isPartOf\":{\"@id\":\"https:\/\/www.agroruralsurf.com\/#website\"},\"datePublished\":\"2020-06-09T19:17:54+00:00\",\"dateModified\":\"2020-06-09T19:17:54+00:00\",\"description\":\"Not\u00edces de surf, skate, ecologisme, paddle surf de m\u00e0 de Agro Rural Surf, l'escola de surf de la Costa Brava.\",\"breadcrumb\":{\"@id\":\"https:\/\/www.agroruralsurf.com\/sin-categorizar\/campana-yo-me-planto-en-el-emporda\/#breadcrumb\"},\"inLanguage\":\"es\",\"potentialAction\":[{\"@type\":\"ReadAction\",\"target\":[\"https:\/\/www.agroruralsurf.com\/sin-categorizar\/campana-yo-me-planto-en-el-emporda\/\"]}]},{\"@type\":\"BreadcrumbList\",\"@id\":\"https:\/\/www.agroruralsurf.com\/sin-categorizar\/campana-yo-me-planto-en-el-emporda\/#breadcrumb\",\"itemListElement\":[{\"@type\":\"ListItem\",\"position\":1,\"name\":\"Inici\",\"item\":\"https:\/\/www.agroruralsurf.com\/\"},{\"@type\":\"ListItem\",\"position\":2,\"name\":\"Campa\u00f1a &#8220;Yo me planto en el Empord\u00e0&#8221;\"}]},{\"@type\":\"WebSite\",\"@id\":\"https:\/\/www.agroruralsurf.com\/#website\",\"url\":\"https:\/\/www.agroruralsurf.com\/\",\"name\":\"agroruralsurf\",\"description\":\"agroruralsurf\",\"publisher\":{\"@id\":\"https:\/\/www.agroruralsurf.com\/#organization\"},\"potentialAction\":[{\"@type\":\"SearchAction\",\"target\":{\"@type\":\"EntryPoint\",\"urlTemplate\":\"https:\/\/www.agroruralsurf.com\/?s={search_term_string}\"},\"query-input\":\"required name=search_term_string\"}],\"inLanguage\":\"es\"},{\"@type\":\"Organization\",\"@id\":\"https:\/\/www.agroruralsurf.com\/#organization\",\"name\":\"Agro Rural Surf\",\"url\":\"https:\/\/www.agroruralsurf.com\/\",\"sameAs\":[\"https:\/\/www.instagram.com\/agroruralsurf\/\",\"https:\/\/www.youtube.com\/channel\/UCqe6P2fGcAVgk66aE8VP_kA\",\"https:\/\/www.facebook.com\/agroruralsurf\/\"],\"logo\":{\"@type\":\"ImageObject\",\"inLanguage\":\"es\",\"@id\":\"https:\/\/www.agroruralsurf.com\/#\/schema\/logo\/image\/\",\"url\":\"https:\/\/www.agroruralsurf.com\/wp-content\/uploads\/2019\/11\/cropped-Logo-rodo-negre@2x.png\",\"contentUrl\":\"https:\/\/www.agroruralsurf.com\/wp-content\/uploads\/2019\/11\/cropped-Logo-rodo-negre@2x.png\",\"width\":512,\"height\":512,\"caption\":\"Agro Rural Surf\"},\"image\":{\"@id\":\"https:\/\/www.agroruralsurf.com\/#\/schema\/logo\/image\/\"}},{\"@type\":\"Person\",\"@id\":\"https:\/\/www.agroruralsurf.com\/#\/schema\/person\/6a9d397e84a5bf3a324609a14025d026\",\"name\":\"Agroruralsurf\",\"image\":{\"@type\":\"ImageObject\",\"inLanguage\":\"es\",\"@id\":\"https:\/\/www.agroruralsurf.com\/#\/schema\/person\/image\/\",\"url\":\"https:\/\/secure.gravatar.com\/avatar\/f2f33805529161db2e4e5a5a5db5762a?s=96&d=mm&r=g\",\"contentUrl\":\"https:\/\/secure.gravatar.com\/avatar\/f2f33805529161db2e4e5a5a5db5762a?s=96&d=mm&r=g\",\"caption\":\"Agroruralsurf\"},\"sameAs\":[\"tito\"],\"url\":\"https:\/\/www.agroruralsurf.com\/es\/author\/tito\/\"}]}<\/script>\n<!-- \/ Yoast SEO plugin. -->","yoast_head_json":{"title":"Campa\u00f1a \"Yo me planto en el Empord\u00e0\" - agroruralsurf","description":"Not\u00edces de surf, skate, ecologisme, paddle surf de m\u00e0 de Agro Rural Surf, l'escola de surf de la Costa Brava.","robots":{"index":"index","follow":"follow","max-snippet":"max-snippet:-1","max-image-preview":"max-image-preview:large","max-video-preview":"max-video-preview:-1"},"canonical":"https:\/\/www.agroruralsurf.com\/sin-categorizar\/campana-yo-me-planto-en-el-emporda\/","og_locale":"es_ES","og_type":"article","og_title":"Campa\u00f1a \"Yo me planto en el Empord\u00e0\" - agroruralsurf","og_description":"Not\u00edces de surf, skate, ecologisme, paddle surf de m\u00e0 de Agro Rural Surf, l'escola de surf de la Costa Brava.","og_url":"https:\/\/www.agroruralsurf.com\/sin-categorizar\/campana-yo-me-planto-en-el-emporda\/","og_site_name":"agroruralsurf","article_publisher":"https:\/\/www.facebook.com\/agroruralsurf\/","article_published_time":"2020-06-09T19:17:54+00:00","og_image":[{"width":2560,"height":1536,"url":"https:\/\/www.agroruralsurf.com\/wp-content\/uploads\/2021\/05\/WEB2-scaled.jpg","type":"image\/jpeg"}],"author":"Agroruralsurf","twitter_card":"summary_large_image","twitter_misc":{"Escrito por":"Agroruralsurf","Tiempo de lectura":"1 minuto"},"schema":{"@context":"https:\/\/schema.org","@graph":[{"@type":"Article","@id":"https:\/\/www.agroruralsurf.com\/sin-categorizar\/campana-yo-me-planto-en-el-emporda\/#article","isPartOf":{"@id":"https:\/\/www.agroruralsurf.com\/sin-categorizar\/campana-yo-me-planto-en-el-emporda\/"},"author":{"name":"Agroruralsurf","@id":"https:\/\/www.agroruralsurf.com\/#\/schema\/person\/6a9d397e84a5bf3a324609a14025d026"},"headline":"Campa\u00f1a \u00abYo me planto en el Empord\u00e0\u00bb","datePublished":"2020-06-09T19:17:54+00:00","dateModified":"2020-06-09T19:17:54+00:00","mainEntityOfPage":{"@id":"https:\/\/www.agroruralsurf.com\/sin-categorizar\/campana-yo-me-planto-en-el-emporda\/"},"wordCount":192,"commentCount":0,"publisher":{"@id":"https:\/\/www.agroruralsurf.com\/#organization"},"keywords":["actividades para ni\u00f1os costa brava","Agroruralsurf","costabrava","Empord\u00e0","escuela de surf empord\u00e0","escueladesurfemporda","joemplantoalemporda","viaje surf empord\u00e0"],"articleSection":["Coronavirus 2020"],"inLanguage":"es","potentialAction":[{"@type":"CommentAction","name":"Comment","target":["https:\/\/www.agroruralsurf.com\/sin-categorizar\/campana-yo-me-planto-en-el-emporda\/#respond"]}]},{"@type":"WebPage","@id":"https:\/\/www.agroruralsurf.com\/sin-categorizar\/campana-yo-me-planto-en-el-emporda\/","url":"https:\/\/www.agroruralsurf.com\/sin-categorizar\/campana-yo-me-planto-en-el-emporda\/","name":"Campa\u00f1a \"Yo me planto en el Empord\u00e0\" - agroruralsurf","isPartOf":{"@id":"https:\/\/www.agroruralsurf.com\/#website"},"datePublished":"2020-06-09T19:17:54+00:00","dateModified":"2020-06-09T19:17:54+00:00","description":"Not\u00edces de surf, skate, ecologisme, paddle surf de m\u00e0 de Agro Rural Surf, l'escola de surf de la Costa Brava.","breadcrumb":{"@id":"https:\/\/www.agroruralsurf.com\/sin-categorizar\/campana-yo-me-planto-en-el-emporda\/#breadcrumb"},"inLanguage":"es","potentialAction":[{"@type":"ReadAction","target":["https:\/\/www.agroruralsurf.com\/sin-categorizar\/campana-yo-me-planto-en-el-emporda\/"]}]},{"@type":"BreadcrumbList","@id":"https:\/\/www.agroruralsurf.com\/sin-categorizar\/campana-yo-me-planto-en-el-emporda\/#breadcrumb","itemListElement":[{"@type":"ListItem","position":1,"name":"Inici","item":"https:\/\/www.agroruralsurf.com\/"},{"@type":"ListItem","position":2,"name":"Campa\u00f1a &#8220;Yo me planto en el Empord\u00e0&#8221;"}]},{"@type":"WebSite","@id":"https:\/\/www.agroruralsurf.com\/#website","url":"https:\/\/www.agroruralsurf.com\/","name":"agroruralsurf","description":"agroruralsurf","publisher":{"@id":"https:\/\/www.agroruralsurf.com\/#organization"},"potentialAction":[{"@type":"SearchAction","target":{"@type":"EntryPoint","urlTemplate":"https:\/\/www.agroruralsurf.com\/?s={search_term_string}"},"query-input":"required name=search_term_string"}],"inLanguage":"es"},{"@type":"Organization","@id":"https:\/\/www.agroruralsurf.com\/#organization","name":"Agro Rural Surf","url":"https:\/\/www.agroruralsurf.com\/","sameAs":["https:\/\/www.instagram.com\/agroruralsurf\/","https:\/\/www.youtube.com\/channel\/UCqe6P2fGcAVgk66aE8VP_kA","https:\/\/www.facebook.com\/agroruralsurf\/"],"logo":{"@type":"ImageObject","inLanguage":"es","@id":"https:\/\/www.agroruralsurf.com\/#\/schema\/logo\/image\/","url":"https:\/\/www.agroruralsurf.com\/wp-content\/uploads\/2019\/11\/cropped-Logo-rodo-negre@2x.png","contentUrl":"https:\/\/www.agroruralsurf.com\/wp-content\/uploads\/2019\/11\/cropped-Logo-rodo-negre@2x.png","width":512,"height":512,"caption":"Agro Rural Surf"},"image":{"@id":"https:\/\/www.agroruralsurf.com\/#\/schema\/logo\/image\/"}},{"@type":"Person","@id":"https:\/\/www.agroruralsurf.com\/#\/schema\/person\/6a9d397e84a5bf3a324609a14025d026","name":"Agroruralsurf","image":{"@type":"ImageObject","inLanguage":"es","@id":"https:\/\/www.agroruralsurf.com\/#\/schema\/person\/image\/","url":"https:\/\/secure.gravatar.com\/avatar\/f2f33805529161db2e4e5a5a5db5762a?s=96&d=mm&r=g","contentUrl":"https:\/\/secure.gravatar.com\/avatar\/f2f33805529161db2e4e5a5a5db5762a?s=96&d=mm&r=g","caption":"Agroruralsurf"},"sameAs":["tito"],"url":"https:\/\/www.agroruralsurf.com\/es\/author\/tito\/"}]}},"_links":{"self":[{"href":"https:\/\/www.agroruralsurf.com\/es\/wp-json\/wp\/v2\/posts\/26114"}],"collection":[{"href":"https:\/\/www.agroruralsurf.com\/es\/wp-json\/wp\/v2\/posts"}],"about":[{"href":"https:\/\/www.agroruralsurf.com\/es\/wp-json\/wp\/v2\/types\/post"}],"author":[{"embeddable":true,"href":"https:\/\/www.agroruralsurf.com\/es\/wp-json\/wp\/v2\/users\/3"}],"replies":[{"embeddable":true,"href":"https:\/\/www.agroruralsurf.com\/es\/wp-json\/wp\/v2\/comments?post=26114"}],"version-history":[{"count":0,"href":"https:\/\/www.agroruralsurf.com\/es\/wp-json\/wp\/v2\/posts\/26114\/revisions"}],"wp:featuredmedia":[{"embeddable":true,"href":"https:\/\/www.agroruralsurf.com\/es\/wp-json\/wp\/v2\/media\/24608"}],"wp:attachment":[{"href":"https:\/\/www.agroruralsurf.com\/es\/wp-json\/wp\/v2\/media?parent=26114"}],"wp:term":[{"taxonomy":"category","embeddable":true,"href":"https:\/\/www.agroruralsurf.com\/es\/wp-json\/wp\/v2\/categories?post=26114"},{"taxonomy":"post_tag","embeddable":true,"href":"https:\/\/www.agroruralsurf.com\/es\/wp-json\/wp\/v2\/tags?post=26114"}],"curies":[{"name":"wp","href":"https:\/\/api.w.org\/{rel}","templated":true}]}}