{"id":26115,"date":"2020-05-12T17:13:33","date_gmt":"2020-05-12T17:13:33","guid":{"rendered":"https:\/\/www.agroruralsurf.com\/sin-categorizar\/medidas-para-el-casal-de-verano-covid-19\/"},"modified":"2020-05-12T17:13:33","modified_gmt":"2020-05-12T17:13:33","slug":"medidas-para-el-casal-de-verano-covid-19","status":"publish","type":"post","link":"https:\/\/www.agroruralsurf.com\/es\/coronavirus-2020-es\/medidas-para-el-casal-de-verano-covid-19\/","title":{"rendered":"Medidas para el Casal de verano COVID-19"},"content":{"rendered":"<h5><a href=\"https:\/\/www.agroruralsurf.com\/casal-destiu-de-surf-a-la-costa-brava\/\">VER EL CASAL DE VERANO 2022<\/a><\/h5>\n<h3><span style=\"color: #0f4554;\">Resumen de las medidas mencionadas por los CRITERIOS GENERALES POR LA ORGANIZACI\u00d3N DE LAS ACTIVIDADES DE OCIO EDUCATIVO VERANO 2020 que afectan directamente al ARS Camp 2020.<\/span><\/h3>\n<p>El pasado lunes 11 de mayo sali\u00f3 publicado el marco dentro del cual se establecen las medidas que se aplicar\u00e1n a los centros de verano de 2020 por la prevenci\u00f3n del riesgo y contagio del virus Covid-19.<\/p>\n<p>El marco prev\u00e9 que las actividades deportivas de ocio podr\u00e1n empezar en la Fase 3 que entrar\u00e1 en funcionamiento a mediados de finales de junio. Podr\u00e1n asistir al casal los ni\u00f1os que se encuentren dentro de las zonas que se encuentren en la misma fase de desescalada como ser\u00e1, en principio, la provincia de Girona.<\/p>\n<p>En temas de log\u00edstica, el marco regula que el centro se organizar\u00e1 en grupos de hasta 10 participantes evitando el contacto entre grupos y manteniendo la distancia de seguridad entre todos los participantes. Se recomienda la entrada y salida escalada de grupos y otras medidas diarias de detecci\u00f3n de s\u00edntomas como tomar a diario la temperatura de los participantes con term\u00f3metro frontal. Tambi\u00e9n se crear\u00e1 una nueva figura dentro del casal llamada \u00abresponsable de seguridad e higiene\u00bb que velar\u00e1 por el cumplimiento de las medidas y protocolos internos de prevenci\u00f3n del contagio.<\/p>\n<p>En resumen, son muchas las medidas que tendr\u00e1n que cumplir este verano para la realizaci\u00f3n del casal, pero de algo estamos seguros: las cumpliremos de la mejor manera para garantizar la diversi\u00f3n y la seguridad de cada uno de los participantes mientras se desarrolle el casal, pero el casal se podr\u00e1 realizar. Esforc\u00e9monos todos en cumplir las normas durante las fases de la desescalada, seamos responsables y la situaci\u00f3n mejorar\u00e1 por momentos, haciendo posible que el casal y tantas otras actividades importantes, puedan volver a la normalidad para que todos las podamos disfrutar.<\/p>\n<p>Cuando se acerque el d\u00eda de empezar el casal informaremos a todas las familias de los participantes en las instrucciones para cumplir las medidas y entre todos cooperaremos para que podamos disfrutar de un verano como es debido.<\/p>\n<p><a href=\"https:\/\/www.agroruralsurf.com\/wp-content\/uploads\/2020\/05\/WhatsApp-Image-2020-05-01-at-19.28.54.jpeg\"><img loading=\"lazy\" class=\"wp-image-18982 aligncenter\" src=\"https:\/\/www.agroruralsurf.com\/wp-content\/uploads\/2020\/05\/WhatsApp-Image-2020-05-01-at-19.28.54.jpeg\" alt=\"\" width=\"494\" height=\"698\" srcset=\"https:\/\/www.agroruralsurf.com\/wp-content\/uploads\/2020\/05\/WhatsApp-Image-2020-05-01-at-19.28.54.jpeg 1131w, https:\/\/www.agroruralsurf.com\/wp-content\/uploads\/2020\/05\/WhatsApp-Image-2020-05-01-at-19.28.54-600x849.jpeg 600w, https:\/\/www.agroruralsurf.com\/wp-content\/uploads\/2020\/05\/WhatsApp-Image-2020-05-01-at-19.28.54-212x300.jpeg 212w, https:\/\/www.agroruralsurf.com\/wp-content\/uploads\/2020\/05\/WhatsApp-Image-2020-05-01-at-19.28.54-768x1086.jpeg 768w, https:\/\/www.agroruralsurf.com\/wp-content\/uploads\/2020\/05\/WhatsApp-Image-2020-05-01-at-19.28.54-724x1024.jpeg 724w, https:\/\/www.agroruralsurf.com\/wp-content\/uploads\/2020\/05\/WhatsApp-Image-2020-05-01-at-19.28.54-700x990.jpeg 700w\" sizes=\"(max-width: 494px) 100vw, 494px\" \/><\/a><\/p>\n","protected":false},"excerpt":{"rendered":"<p>VER EL CASAL DE VERANO 2022 Resumen de las medidas mencionadas por los CRITERIOS GENERALES POR LA ORGANIZACI\u00d3N DE LAS ACTIVIDADES DE OCIO EDUCATIVO VERANO 2020 que afectan directamente al&#8230;<\/p>\n","protected":false},"author":3,"featured_media":24850,"comment_status":"open","ping_status":"open","sticky":false,"template":"","format":"standard","meta":[],"categories":[593],"tags":[609,619,610,622,605,606,604,618,621,553,548,623,620],"yoast_head":"<!-- This site is optimized with the Yoast SEO plugin v19.6.1 - https:\/\/yoast.com\/wordpress\/plugins\/seo\/ -->\n<title>Medidas para el Casal de verano COVID-19 - agroruralsurf<\/title>\n<meta name=\"description\" content=\"Not\u00edces de surf, skate, ecologisme, paddle surf de m\u00e0 de Agro Rural Surf, l&#039;escola de surf de la Costa Brava.\" \/>\n<meta name=\"robots\" content=\"index, follow, max-snippet:-1, max-image-preview:large, max-video-preview:-1\" \/>\n<link rel=\"canonical\" href=\"https:\/\/www.agroruralsurf.com\/sin-categorizar\/medidas-para-el-casal-de-verano-covid-19\/\" \/>\n<meta property=\"og:locale\" content=\"es_ES\" \/>\n<meta property=\"og:type\" content=\"article\" \/>\n<meta property=\"og:title\" content=\"Medidas para el Casal de verano COVID-19 - agroruralsurf\" \/>\n<meta property=\"og:description\" content=\"Not\u00edces de surf, skate, ecologisme, paddle surf de m\u00e0 de Agro Rural Surf, l&#039;escola de surf de la Costa Brava.\" \/>\n<meta property=\"og:url\" content=\"https:\/\/www.agroruralsurf.com\/sin-categorizar\/medidas-para-el-casal-de-verano-covid-19\/\" \/>\n<meta property=\"og:site_name\" content=\"agroruralsurf\" \/>\n<meta property=\"article:publisher\" content=\"https:\/\/www.facebook.com\/agroruralsurf\/\" \/>\n<meta property=\"article:published_time\" content=\"2020-05-12T17:13:33+00:00\" \/>\n<meta property=\"og:image\" content=\"https:\/\/www.agroruralsurf.com\/wp-content\/uploads\/2020\/05\/WhatsApp-Image-2020-05-01-at-19.28.54.jpeg\" \/>\n<meta name=\"author\" content=\"Agroruralsurf\" \/>\n<meta name=\"twitter:card\" content=\"summary_large_image\" \/>\n<meta name=\"twitter:label1\" content=\"Escrito por\" \/>\n\t<meta name=\"twitter:data1\" content=\"Agroruralsurf\" \/>\n\t<meta name=\"twitter:label2\" content=\"Tiempo de lectura\" \/>\n\t<meta name=\"twitter:data2\" content=\"2 minutos\" \/>\n<script type=\"application\/ld+json\" class=\"yoast-schema-graph\">{\"@context\":\"https:\/\/schema.org\",\"@graph\":[{\"@type\":\"Article\",\"@id\":\"https:\/\/www.agroruralsurf.com\/sin-categorizar\/medidas-para-el-casal-de-verano-covid-19\/#article\",\"isPartOf\":{\"@id\":\"https:\/\/www.agroruralsurf.com\/sin-categorizar\/medidas-para-el-casal-de-verano-covid-19\/\"},\"author\":{\"name\":\"Agroruralsurf\",\"@id\":\"https:\/\/www.agroruralsurf.com\/#\/schema\/person\/6a9d397e84a5bf3a324609a14025d026\"},\"headline\":\"Medidas para el Casal de verano COVID-19\",\"datePublished\":\"2020-05-12T17:13:33+00:00\",\"dateModified\":\"2020-05-12T17:13:33+00:00\",\"mainEntityOfPage\":{\"@id\":\"https:\/\/www.agroruralsurf.com\/sin-categorizar\/medidas-para-el-casal-de-verano-covid-19\/\"},\"wordCount\":366,\"commentCount\":0,\"publisher\":{\"@id\":\"https:\/\/www.agroruralsurf.com\/#organization\"},\"keywords\":[\"ARS camp\",\"Casal\",\"casal de skate girona\",\"casal de surf\",\"Casal de verano\",\"casal de verano girona\",\"casal deportivo\",\"casal estartit\",\"escuela de surf\",\"escuela de surf costa brava\",\"escuela de surf empord\u00e0\",\"summer camp\",\"Surfcamp\"],\"articleSection\":[\"Coronavirus 2020\"],\"inLanguage\":\"es\",\"potentialAction\":[{\"@type\":\"CommentAction\",\"name\":\"Comment\",\"target\":[\"https:\/\/www.agroruralsurf.com\/sin-categorizar\/medidas-para-el-casal-de-verano-covid-19\/#respond\"]}]},{\"@type\":\"WebPage\",\"@id\":\"https:\/\/www.agroruralsurf.com\/sin-categorizar\/medidas-para-el-casal-de-verano-covid-19\/\",\"url\":\"https:\/\/www.agroruralsurf.com\/sin-categorizar\/medidas-para-el-casal-de-verano-covid-19\/\",\"name\":\"Medidas para el Casal de verano COVID-19 - agroruralsurf\",\"isPartOf\":{\"@id\":\"https:\/\/www.agroruralsurf.com\/#website\"},\"datePublished\":\"2020-05-12T17:13:33+00:00\",\"dateModified\":\"2020-05-12T17:13:33+00:00\",\"description\":\"Not\u00edces de surf, skate, ecologisme, paddle surf de m\u00e0 de Agro Rural Surf, l'escola de surf de la Costa Brava.\",\"breadcrumb\":{\"@id\":\"https:\/\/www.agroruralsurf.com\/sin-categorizar\/medidas-para-el-casal-de-verano-covid-19\/#breadcrumb\"},\"inLanguage\":\"es\",\"potentialAction\":[{\"@type\":\"ReadAction\",\"target\":[\"https:\/\/www.agroruralsurf.com\/sin-categorizar\/medidas-para-el-casal-de-verano-covid-19\/\"]}]},{\"@type\":\"BreadcrumbList\",\"@id\":\"https:\/\/www.agroruralsurf.com\/sin-categorizar\/medidas-para-el-casal-de-verano-covid-19\/#breadcrumb\",\"itemListElement\":[{\"@type\":\"ListItem\",\"position\":1,\"name\":\"Inici\",\"item\":\"https:\/\/www.agroruralsurf.com\/\"},{\"@type\":\"ListItem\",\"position\":2,\"name\":\"Medidas para el Casal de verano COVID-19\"}]},{\"@type\":\"WebSite\",\"@id\":\"https:\/\/www.agroruralsurf.com\/#website\",\"url\":\"https:\/\/www.agroruralsurf.com\/\",\"name\":\"agroruralsurf\",\"description\":\"agroruralsurf\",\"publisher\":{\"@id\":\"https:\/\/www.agroruralsurf.com\/#organization\"},\"potentialAction\":[{\"@type\":\"SearchAction\",\"target\":{\"@type\":\"EntryPoint\",\"urlTemplate\":\"https:\/\/www.agroruralsurf.com\/?s={search_term_string}\"},\"query-input\":\"required name=search_term_string\"}],\"inLanguage\":\"es\"},{\"@type\":\"Organization\",\"@id\":\"https:\/\/www.agroruralsurf.com\/#organization\",\"name\":\"Agro Rural Surf\",\"url\":\"https:\/\/www.agroruralsurf.com\/\",\"sameAs\":[\"https:\/\/www.instagram.com\/agroruralsurf\/\",\"https:\/\/www.youtube.com\/channel\/UCqe6P2fGcAVgk66aE8VP_kA\",\"https:\/\/www.facebook.com\/agroruralsurf\/\"],\"logo\":{\"@type\":\"ImageObject\",\"inLanguage\":\"es\",\"@id\":\"https:\/\/www.agroruralsurf.com\/#\/schema\/logo\/image\/\",\"url\":\"https:\/\/www.agroruralsurf.com\/wp-content\/uploads\/2019\/11\/cropped-Logo-rodo-negre@2x.png\",\"contentUrl\":\"https:\/\/www.agroruralsurf.com\/wp-content\/uploads\/2019\/11\/cropped-Logo-rodo-negre@2x.png\",\"width\":512,\"height\":512,\"caption\":\"Agro Rural Surf\"},\"image\":{\"@id\":\"https:\/\/www.agroruralsurf.com\/#\/schema\/logo\/image\/\"}},{\"@type\":\"Person\",\"@id\":\"https:\/\/www.agroruralsurf.com\/#\/schema\/person\/6a9d397e84a5bf3a324609a14025d026\",\"name\":\"Agroruralsurf\",\"image\":{\"@type\":\"ImageObject\",\"inLanguage\":\"es\",\"@id\":\"https:\/\/www.agroruralsurf.com\/#\/schema\/person\/image\/\",\"url\":\"https:\/\/secure.gravatar.com\/avatar\/f2f33805529161db2e4e5a5a5db5762a?s=96&d=mm&r=g\",\"contentUrl\":\"https:\/\/secure.gravatar.com\/avatar\/f2f33805529161db2e4e5a5a5db5762a?s=96&d=mm&r=g\",\"caption\":\"Agroruralsurf\"},\"sameAs\":[\"tito\"],\"url\":\"https:\/\/www.agroruralsurf.com\/es\/author\/tito\/\"}]}<\/script>\n<!-- \/ Yoast SEO plugin. -->","yoast_head_json":{"title":"Medidas para el Casal de verano COVID-19 - agroruralsurf","description":"Not\u00edces de surf, skate, ecologisme, paddle surf de m\u00e0 de Agro Rural Surf, l'escola de surf de la Costa Brava.","robots":{"index":"index","follow":"follow","max-snippet":"max-snippet:-1","max-image-preview":"max-image-preview:large","max-video-preview":"max-video-preview:-1"},"canonical":"https:\/\/www.agroruralsurf.com\/sin-categorizar\/medidas-para-el-casal-de-verano-covid-19\/","og_locale":"es_ES","og_type":"article","og_title":"Medidas para el Casal de verano COVID-19 - agroruralsurf","og_description":"Not\u00edces de surf, skate, ecologisme, paddle surf de m\u00e0 de Agro Rural Surf, l'escola de surf de la Costa Brava.","og_url":"https:\/\/www.agroruralsurf.com\/sin-categorizar\/medidas-para-el-casal-de-verano-covid-19\/","og_site_name":"agroruralsurf","article_publisher":"https:\/\/www.facebook.com\/agroruralsurf\/","article_published_time":"2020-05-12T17:13:33+00:00","og_image":[{"url":"https:\/\/www.agroruralsurf.com\/wp-content\/uploads\/2020\/05\/WhatsApp-Image-2020-05-01-at-19.28.54.jpeg"}],"author":"Agroruralsurf","twitter_card":"summary_large_image","twitter_misc":{"Escrito por":"Agroruralsurf","Tiempo de lectura":"2 minutos"},"schema":{"@context":"https:\/\/schema.org","@graph":[{"@type":"Article","@id":"https:\/\/www.agroruralsurf.com\/sin-categorizar\/medidas-para-el-casal-de-verano-covid-19\/#article","isPartOf":{"@id":"https:\/\/www.agroruralsurf.com\/sin-categorizar\/medidas-para-el-casal-de-verano-covid-19\/"},"author":{"name":"Agroruralsurf","@id":"https:\/\/www.agroruralsurf.com\/#\/schema\/person\/6a9d397e84a5bf3a324609a14025d026"},"headline":"Medidas para el Casal de verano COVID-19","datePublished":"2020-05-12T17:13:33+00:00","dateModified":"2020-05-12T17:13:33+00:00","mainEntityOfPage":{"@id":"https:\/\/www.agroruralsurf.com\/sin-categorizar\/medidas-para-el-casal-de-verano-covid-19\/"},"wordCount":366,"commentCount":0,"publisher":{"@id":"https:\/\/www.agroruralsurf.com\/#organization"},"keywords":["ARS camp","Casal","casal de skate girona","casal de surf","Casal de verano","casal de verano girona","casal deportivo","casal estartit","escuela de surf","escuela de surf costa brava","escuela de surf empord\u00e0","summer camp","Surfcamp"],"articleSection":["Coronavirus 2020"],"inLanguage":"es","potentialAction":[{"@type":"CommentAction","name":"Comment","target":["https:\/\/www.agroruralsurf.com\/sin-categorizar\/medidas-para-el-casal-de-verano-covid-19\/#respond"]}]},{"@type":"WebPage","@id":"https:\/\/www.agroruralsurf.com\/sin-categorizar\/medidas-para-el-casal-de-verano-covid-19\/","url":"https:\/\/www.agroruralsurf.com\/sin-categorizar\/medidas-para-el-casal-de-verano-covid-19\/","name":"Medidas para el Casal de verano COVID-19 - agroruralsurf","isPartOf":{"@id":"https:\/\/www.agroruralsurf.com\/#website"},"datePublished":"2020-05-12T17:13:33+00:00","dateModified":"2020-05-12T17:13:33+00:00","description":"Not\u00edces de surf, skate, ecologisme, paddle surf de m\u00e0 de Agro Rural Surf, l'escola de surf de la Costa Brava.","breadcrumb":{"@id":"https:\/\/www.agroruralsurf.com\/sin-categorizar\/medidas-para-el-casal-de-verano-covid-19\/#breadcrumb"},"inLanguage":"es","potentialAction":[{"@type":"ReadAction","target":["https:\/\/www.agroruralsurf.com\/sin-categorizar\/medidas-para-el-casal-de-verano-covid-19\/"]}]},{"@type":"BreadcrumbList","@id":"https:\/\/www.agroruralsurf.com\/sin-categorizar\/medidas-para-el-casal-de-verano-covid-19\/#breadcrumb","itemListElement":[{"@type":"ListItem","position":1,"name":"Inici","item":"https:\/\/www.agroruralsurf.com\/"},{"@type":"ListItem","position":2,"name":"Medidas para el Casal de verano COVID-19"}]},{"@type":"WebSite","@id":"https:\/\/www.agroruralsurf.com\/#website","url":"https:\/\/www.agroruralsurf.com\/","name":"agroruralsurf","description":"agroruralsurf","publisher":{"@id":"https:\/\/www.agroruralsurf.com\/#organization"},"potentialAction":[{"@type":"SearchAction","target":{"@type":"EntryPoint","urlTemplate":"https:\/\/www.agroruralsurf.com\/?s={search_term_string}"},"query-input":"required name=search_term_string"}],"inLanguage":"es"},{"@type":"Organization","@id":"https:\/\/www.agroruralsurf.com\/#organization","name":"Agro Rural Surf","url":"https:\/\/www.agroruralsurf.com\/","sameAs":["https:\/\/www.instagram.com\/agroruralsurf\/","https:\/\/www.youtube.com\/channel\/UCqe6P2fGcAVgk66aE8VP_kA","https:\/\/www.facebook.com\/agroruralsurf\/"],"logo":{"@type":"ImageObject","inLanguage":"es","@id":"https:\/\/www.agroruralsurf.com\/#\/schema\/logo\/image\/","url":"https:\/\/www.agroruralsurf.com\/wp-content\/uploads\/2019\/11\/cropped-Logo-rodo-negre@2x.png","contentUrl":"https:\/\/www.agroruralsurf.com\/wp-content\/uploads\/2019\/11\/cropped-Logo-rodo-negre@2x.png","width":512,"height":512,"caption":"Agro Rural Surf"},"image":{"@id":"https:\/\/www.agroruralsurf.com\/#\/schema\/logo\/image\/"}},{"@type":"Person","@id":"https:\/\/www.agroruralsurf.com\/#\/schema\/person\/6a9d397e84a5bf3a324609a14025d026","name":"Agroruralsurf","image":{"@type":"ImageObject","inLanguage":"es","@id":"https:\/\/www.agroruralsurf.com\/#\/schema\/person\/image\/","url":"https:\/\/secure.gravatar.com\/avatar\/f2f33805529161db2e4e5a5a5db5762a?s=96&d=mm&r=g","contentUrl":"https:\/\/secure.gravatar.com\/avatar\/f2f33805529161db2e4e5a5a5db5762a?s=96&d=mm&r=g","caption":"Agroruralsurf"},"sameAs":["tito"],"url":"https:\/\/www.agroruralsurf.com\/es\/author\/tito\/"}]}},"_links":{"self":[{"href":"https:\/\/www.agroruralsurf.com\/es\/wp-json\/wp\/v2\/posts\/26115"}],"collection":[{"href":"https:\/\/www.agroruralsurf.com\/es\/wp-json\/wp\/v2\/posts"}],"about":[{"href":"https:\/\/www.agroruralsurf.com\/es\/wp-json\/wp\/v2\/types\/post"}],"author":[{"embeddable":true,"href":"https:\/\/www.agroruralsurf.com\/es\/wp-json\/wp\/v2\/users\/3"}],"replies":[{"embeddable":true,"href":"https:\/\/www.agroruralsurf.com\/es\/wp-json\/wp\/v2\/comments?post=26115"}],"version-history":[{"count":0,"href":"https:\/\/www.agroruralsurf.com\/es\/wp-json\/wp\/v2\/posts\/26115\/revisions"}],"wp:featuredmedia":[{"embeddable":true,"href":"https:\/\/www.agroruralsurf.com\/es\/wp-json\/wp\/v2\/media\/24850"}],"wp:attachment":[{"href":"https:\/\/www.agroruralsurf.com\/es\/wp-json\/wp\/v2\/media?parent=26115"}],"wp:term":[{"taxonomy":"category","embeddable":true,"href":"https:\/\/www.agroruralsurf.com\/es\/wp-json\/wp\/v2\/categories?post=26115"},{"taxonomy":"post_tag","embeddable":true,"href":"https:\/\/www.agroruralsurf.com\/es\/wp-json\/wp\/v2\/tags?post=26115"}],"curies":[{"name":"wp","href":"https:\/\/api.w.org\/{rel}","templated":true}]}}