{"id":26125,"date":"2019-03-12T08:54:17","date_gmt":"2019-03-12T08:54:17","guid":{"rendered":"https:\/\/www.agroruralsurf.com\/sin-categorizar\/semana-santa-surf-camp-estartit-girona\/"},"modified":"2019-03-12T08:54:17","modified_gmt":"2019-03-12T08:54:17","slug":"semana-santa-surf-camp-estartit-girona","status":"publish","type":"post","link":"https:\/\/www.agroruralsurf.com\/es\/sin-categorizar\/semana-santa-surf-camp-estartit-girona\/","title":{"rendered":"Semana Santa &#8211; Surf Camp Estartit &#8211; Girona"},"content":{"rendered":"<div class=\"wpb_text_column wpb_content_element vc_custom_1551868752579\">\n<div class=\"wpb_wrapper\">\n<p><strong><span style=\"font-size: 18pt;\">INSCRIPCIONES SURF CAMPO SEMANA SANTA<\/span><\/strong><\/p>\n<p>Ya tenemos abiertas las inscripciones para el casal de surf durante las vacaciones de Semana Santa. Hace ya m\u00e1s de 5 a\u00f1os que trabajamos para que los ni\u00f1os y ni\u00f1as puedan vivir alrededor del mar con seguridad y aprendan a disfrutarlo de m\u00faltiples formas. Buscamos que cada ni\u00f1o tenga la responsabilidad de cuidar de la naturaleza y respetarla a trav\u00e9s de taller, y otras actividades.<\/p>\n<p>1er Turno\u00a0\u2013 D\u00edas:\u00a0lunes\u00a015,\u00a0martes\u00a016,\u00a0mi\u00e9rcoles\u00a017 y\u00a0jueves\u00a018 de abril<\/p>\n<p>2\u00ba Turno\u00a0\u2013 D\u00edas: viernes 19, s\u00e1bado 20, domingo 21, lunes 22<\/p>\n<p>Opci\u00f3n Ma\u00f1anas:\u00a0de 9h a 13h<\/p>\n<p>Opci\u00f3n todo el d\u00eda:\u00a09h a 17h\u00a0(almuerzo incluido)<\/p>\n<p>&nbsp;<\/p>\n<p>* Si viene de Girona tiene a su disposici\u00f3n un bus de ida y vuelta con descuentos para participar en el Camp. Viaje ida y vuelta 7\u20ac<\/p>\n<\/div>\n<\/div>\n<div class=\"wpb_text_column wpb_content_element vc_custom_1551868752579\">\n<p><span style=\"color: #000000;\"><a style=\"color: #000000;\" href=\"https:\/\/www.agroruralsurf.com\/wp-content\/uploads\/2018\/04\/Captura-de-pantalla-2018-09-18-a-les-16.21.18.png\"><img loading=\"lazy\" class=\"alignnone size-large wp-image-17433\" src=\"https:\/\/www.agroruralsurf.com\/wp-content\/uploads\/2018\/04\/Captura-de-pantalla-2018-09-18-a-les-16.21.18-1024x510.png\" alt=\"Captura de pantalla 2018-09-18 a les 16.21.18\" width=\"1024\" height=\"510\" srcset=\"https:\/\/www.agroruralsurf.com\/wp-content\/uploads\/2018\/04\/Captura-de-pantalla-2018-09-18-a-les-16.21.18-1024x510.png 1024w, https:\/\/www.agroruralsurf.com\/wp-content\/uploads\/2018\/04\/Captura-de-pantalla-2018-09-18-a-les-16.21.18-600x299.png 600w, https:\/\/www.agroruralsurf.com\/wp-content\/uploads\/2018\/04\/Captura-de-pantalla-2018-09-18-a-les-16.21.18-300x149.png 300w, https:\/\/www.agroruralsurf.com\/wp-content\/uploads\/2018\/04\/Captura-de-pantalla-2018-09-18-a-les-16.21.18-700x349.png 700w, https:\/\/www.agroruralsurf.com\/wp-content\/uploads\/2018\/04\/Captura-de-pantalla-2018-09-18-a-les-16.21.18.png 1062w\" sizes=\"(max-width: 1024px) 100vw, 1024px\" \/><\/a><\/span><\/p>\n<div class=\"wpb_wrapper\">\n<p>&nbsp;<\/p>\n<p>Inscripciones:\u00a0se tendr\u00e1n que realizar entre el d\u00eda 6 de marzo y el 5 de abril. Ser\u00e1 \u00e9ste el \u00faltimo d\u00eda para realizar el pago total del campo. Para poder formalizar la inscripci\u00f3n se deber\u00e1 realizar el pago del 25% del precio total del Campo como concepto de reserva.<\/p>\n<p>&nbsp;<\/p>\n<p>Las\u00a0inscripciones\u00a0se realizar\u00e1n por orden de pago, en el caso de que no hubiera plazas para esta semana se realizar\u00eda una lista de espera de 5 personas.<\/p>\n<p>&nbsp;<\/p>\n<p>Las plazas son limitadas a 45 alumnos por turno as\u00ed pues la plaza ser\u00e1 adjudicada en el momento en que se realice el pago.<\/p>\n<\/div>\n<\/div>\n<div class=\"wpb_text_column wpb_content_element vc_custom_1551869037107\">\n<div class=\"wpb_wrapper\">\n<h2><span style=\"color: #000000;\">\u00a0<a style=\"color: #000000;\" href=\"https:\/\/www.agroruralsurf.com\/wp-content\/uploads\/2017\/08\/DSC_0401.jpeg\"><img loading=\"lazy\" class=\"alignnone size-full wp-image-17105\" src=\"https:\/\/www.agroruralsurf.com\/wp-content\/uploads\/2017\/08\/DSC_0401.jpeg\" alt=\"DSC_0401\" width=\"887\" height=\"588\" srcset=\"https:\/\/www.agroruralsurf.com\/wp-content\/uploads\/2017\/08\/DSC_0401.jpeg 887w, https:\/\/www.agroruralsurf.com\/wp-content\/uploads\/2017\/08\/DSC_0401-600x398.jpeg 600w, https:\/\/www.agroruralsurf.com\/wp-content\/uploads\/2017\/08\/DSC_0401-300x199.jpeg 300w, https:\/\/www.agroruralsurf.com\/wp-content\/uploads\/2017\/08\/DSC_0401-700x464.jpeg 700w\" sizes=\"(max-width: 887px) 100vw, 887px\" \/><\/a><\/span><\/h2>\n<p>&nbsp;<\/p>\n<p><strong><span style=\"font-size: 18pt;\">PRECIOS Y DESCUENTOS<\/span><\/strong><\/p>\n<p>&nbsp;<\/p>\n<p><strong><span style=\"font-size: 14pt;\">Precio ma\u00f1anas: 1er turno \u2013\u00a099\u20ac\u00a0\u2013 2\u00ba turnos\u00a0170\u20ac<\/span><\/strong><\/p>\n<p><strong><span style=\"font-size: 14pt;\">Precio Todo el d\u00eda 1er turno-\u00a0169\u20ac\u00a0\u2013 2\u00ba turnos\u00a0299\u20ac<\/span><\/strong><\/p>\n<p>&nbsp;<\/p>\n<p>En caso de que s\u00f3lo pod\u00e1is venir uno o dos d\u00edas el precio ser\u00e1 de 30\u20ac por la ma\u00f1ana y 45\u20ac todo el d\u00eda.<\/p>\n<p>* El transporte desde Girona no est\u00e1 incluido \u2013 3,5 \u20ac (por trayecto)<\/p>\n<p>Aquellos que tenga el carnet de socio del club de la temporada 2019 obtendr\u00e1 un dto del 15%.<\/p>\n<p>Si ya ha participado en uno de nuestros casales esta temporada 2018-2019 o la anterior tendr\u00e1 un\u00a05% de dto.<\/p>\n<p>Si vienen dos hermanos ofrecemos un\u00a05%\u00a0de descuento a los dos.<\/p>\n<p>Si viene con un amigo o se apunta dos de golpe recibir\u00e1 un 5% de descuento a los dos.<\/p>\n<p>&nbsp;<\/p>\n<p>* Los descuentos no son acumulables<\/p>\n<\/div>\n<\/div>\n<div class=\"separator transparent center \"><span style=\"color: #000000;\">\u00a0<\/span><\/div>\n<div class=\"wpb_text_column wpb_content_element vc_custom_1551869633486\">\n<div class=\"wpb_wrapper\">\n<h2><span style=\"color: #000000;\"><a style=\"color: #000000;\" href=\"https:\/\/www.agroruralsurf.com\/wp-content\/uploads\/2017\/08\/DSC_0406.jpeg\"><img loading=\"lazy\" class=\"alignnone size-full wp-image-17107\" src=\"https:\/\/www.agroruralsurf.com\/wp-content\/uploads\/2017\/08\/DSC_0406.jpeg\" alt=\"DSC_0406\" width=\"887\" height=\"588\" srcset=\"https:\/\/www.agroruralsurf.com\/wp-content\/uploads\/2017\/08\/DSC_0406.jpeg 887w, https:\/\/www.agroruralsurf.com\/wp-content\/uploads\/2017\/08\/DSC_0406-600x398.jpeg 600w, https:\/\/www.agroruralsurf.com\/wp-content\/uploads\/2017\/08\/DSC_0406-300x199.jpeg 300w, https:\/\/www.agroruralsurf.com\/wp-content\/uploads\/2017\/08\/DSC_0406-700x464.jpeg 700w\" sizes=\"(max-width: 887px) 100vw, 887px\" \/><\/a><\/span><\/h2>\n<h2><span style=\"color: #000000;\">\u00a0<\/span><\/h2>\n<p><strong><span style=\"font-size: 18pt;\">FORMA DE PAGO<\/span><\/strong><\/p>\n<p>Se debe formalizar la inscripci\u00f3n de la actividad rellenando el pdf que est\u00e1 adjunto al siguiente enlace junto con el resguardo del pago de la actividad.<\/p>\n<p>Se puede realizar el pago al contado o por transferencia bancaria al siguiente n\u00famero de cuenta:<\/p>\n<p>ES2514650100951724719815<\/p>\n<p>mail: agroruralsurf@gmail.com<\/p>\n<p>&nbsp;<\/p>\n<p><span style=\"color: #000000;\"><a style=\"color: #000000;\" href=\"https:\/\/www.agroruralsurf.com\/wp-content\/uploads\/2019\/03\/INSCRIPCIO%CC%81-CAMPS.pdf\"><em>\u00a0INSCRIPCI\u00d3N<\/em><\/a><\/span><\/p>\n<\/div>\n<\/div>\n","protected":false},"excerpt":{"rendered":"<p>INSCRIPCIONES SURF CAMPO SEMANA SANTA Ya tenemos abiertas las inscripciones para el casal de surf durante las vacaciones de Semana Santa. Hace ya m\u00e1s de 5 a\u00f1os que trabajamos para&#8230;<\/p>\n","protected":false},"author":3,"featured_media":24212,"comment_status":"open","ping_status":"open","sticky":false,"template":"","format":"standard","meta":[],"categories":[533],"tags":[653,619,560,654,549,655,568,656],"yoast_head":"<!-- This site is optimized with the Yoast SEO plugin v19.6.1 - https:\/\/yoast.com\/wordpress\/plugins\/seo\/ -->\n<title>Semana Santa - Surf Camp Estartit - Girona - agroruralsurf<\/title>\n<meta name=\"description\" content=\"Not\u00edces de surf, skate, ecologisme, paddle surf de m\u00e0 de Agro Rural Surf, l&#039;escola de surf de la Costa Brava.\" \/>\n<meta name=\"robots\" content=\"index, follow, max-snippet:-1, max-image-preview:large, max-video-preview:-1\" \/>\n<link rel=\"canonical\" href=\"https:\/\/www.agroruralsurf.com\/sin-categorizar\/semana-santa-surf-camp-estartit-girona\/\" \/>\n<meta property=\"og:locale\" content=\"es_ES\" \/>\n<meta property=\"og:type\" content=\"article\" \/>\n<meta property=\"og:title\" content=\"Semana Santa - Surf Camp Estartit - Girona - agroruralsurf\" \/>\n<meta property=\"og:description\" content=\"Not\u00edces de surf, skate, ecologisme, paddle surf de m\u00e0 de Agro Rural Surf, l&#039;escola de surf de la Costa Brava.\" \/>\n<meta property=\"og:url\" content=\"https:\/\/www.agroruralsurf.com\/sin-categorizar\/semana-santa-surf-camp-estartit-girona\/\" \/>\n<meta property=\"og:site_name\" content=\"agroruralsurf\" \/>\n<meta property=\"article:publisher\" content=\"https:\/\/www.facebook.com\/agroruralsurf\/\" \/>\n<meta property=\"article:published_time\" content=\"2019-03-12T08:54:17+00:00\" \/>\n<meta property=\"og:image\" content=\"https:\/\/www.agroruralsurf.com\/wp-content\/uploads\/2018\/04\/Captura-de-pantalla-2018-09-18-a-les-16.21.18-1024x510.png\" \/>\n<meta name=\"author\" content=\"Agroruralsurf\" \/>\n<meta name=\"twitter:card\" content=\"summary_large_image\" \/>\n<meta name=\"twitter:label1\" content=\"Escrito por\" \/>\n\t<meta name=\"twitter:data1\" content=\"Agroruralsurf\" \/>\n\t<meta name=\"twitter:label2\" content=\"Tiempo de lectura\" \/>\n\t<meta name=\"twitter:data2\" content=\"2 minutos\" \/>\n<script type=\"application\/ld+json\" class=\"yoast-schema-graph\">{\"@context\":\"https:\/\/schema.org\",\"@graph\":[{\"@type\":\"Article\",\"@id\":\"https:\/\/www.agroruralsurf.com\/sin-categorizar\/semana-santa-surf-camp-estartit-girona\/#article\",\"isPartOf\":{\"@id\":\"https:\/\/www.agroruralsurf.com\/sin-categorizar\/semana-santa-surf-camp-estartit-girona\/\"},\"author\":{\"name\":\"Agroruralsurf\",\"@id\":\"https:\/\/www.agroruralsurf.com\/#\/schema\/person\/6a9d397e84a5bf3a324609a14025d026\"},\"headline\":\"Semana Santa &#8211; Surf Camp Estartit &#8211; Girona\",\"datePublished\":\"2019-03-12T08:54:17+00:00\",\"dateModified\":\"2019-03-12T08:54:17+00:00\",\"mainEntityOfPage\":{\"@id\":\"https:\/\/www.agroruralsurf.com\/sin-categorizar\/semana-santa-surf-camp-estartit-girona\/\"},\"wordCount\":436,\"commentCount\":0,\"publisher\":{\"@id\":\"https:\/\/www.agroruralsurf.com\/#organization\"},\"keywords\":[\"Camp\",\"Casal\",\"Estartit\",\"ni\u00f1os\",\"paddle surf\",\"setmana santa\",\"surf\",\"Torroella de Montgr\u00ed\"],\"articleSection\":[\"Sin categorizar\"],\"inLanguage\":\"es\",\"potentialAction\":[{\"@type\":\"CommentAction\",\"name\":\"Comment\",\"target\":[\"https:\/\/www.agroruralsurf.com\/sin-categorizar\/semana-santa-surf-camp-estartit-girona\/#respond\"]}]},{\"@type\":\"WebPage\",\"@id\":\"https:\/\/www.agroruralsurf.com\/sin-categorizar\/semana-santa-surf-camp-estartit-girona\/\",\"url\":\"https:\/\/www.agroruralsurf.com\/sin-categorizar\/semana-santa-surf-camp-estartit-girona\/\",\"name\":\"Semana Santa - Surf Camp Estartit - Girona - agroruralsurf\",\"isPartOf\":{\"@id\":\"https:\/\/www.agroruralsurf.com\/#website\"},\"datePublished\":\"2019-03-12T08:54:17+00:00\",\"dateModified\":\"2019-03-12T08:54:17+00:00\",\"description\":\"Not\u00edces de surf, skate, ecologisme, paddle surf de m\u00e0 de Agro Rural Surf, l'escola de surf de la Costa Brava.\",\"breadcrumb\":{\"@id\":\"https:\/\/www.agroruralsurf.com\/sin-categorizar\/semana-santa-surf-camp-estartit-girona\/#breadcrumb\"},\"inLanguage\":\"es\",\"potentialAction\":[{\"@type\":\"ReadAction\",\"target\":[\"https:\/\/www.agroruralsurf.com\/sin-categorizar\/semana-santa-surf-camp-estartit-girona\/\"]}]},{\"@type\":\"BreadcrumbList\",\"@id\":\"https:\/\/www.agroruralsurf.com\/sin-categorizar\/semana-santa-surf-camp-estartit-girona\/#breadcrumb\",\"itemListElement\":[{\"@type\":\"ListItem\",\"position\":1,\"name\":\"Inici\",\"item\":\"https:\/\/www.agroruralsurf.com\/\"},{\"@type\":\"ListItem\",\"position\":2,\"name\":\"Semana Santa &#8211; Surf Camp Estartit &#8211; Girona\"}]},{\"@type\":\"WebSite\",\"@id\":\"https:\/\/www.agroruralsurf.com\/#website\",\"url\":\"https:\/\/www.agroruralsurf.com\/\",\"name\":\"agroruralsurf\",\"description\":\"agroruralsurf\",\"publisher\":{\"@id\":\"https:\/\/www.agroruralsurf.com\/#organization\"},\"potentialAction\":[{\"@type\":\"SearchAction\",\"target\":{\"@type\":\"EntryPoint\",\"urlTemplate\":\"https:\/\/www.agroruralsurf.com\/?s={search_term_string}\"},\"query-input\":\"required name=search_term_string\"}],\"inLanguage\":\"es\"},{\"@type\":\"Organization\",\"@id\":\"https:\/\/www.agroruralsurf.com\/#organization\",\"name\":\"Agro Rural Surf\",\"url\":\"https:\/\/www.agroruralsurf.com\/\",\"sameAs\":[\"https:\/\/www.instagram.com\/agroruralsurf\/\",\"https:\/\/www.youtube.com\/channel\/UCqe6P2fGcAVgk66aE8VP_kA\",\"https:\/\/www.facebook.com\/agroruralsurf\/\"],\"logo\":{\"@type\":\"ImageObject\",\"inLanguage\":\"es\",\"@id\":\"https:\/\/www.agroruralsurf.com\/#\/schema\/logo\/image\/\",\"url\":\"https:\/\/www.agroruralsurf.com\/wp-content\/uploads\/2019\/11\/cropped-Logo-rodo-negre@2x.png\",\"contentUrl\":\"https:\/\/www.agroruralsurf.com\/wp-content\/uploads\/2019\/11\/cropped-Logo-rodo-negre@2x.png\",\"width\":512,\"height\":512,\"caption\":\"Agro Rural Surf\"},\"image\":{\"@id\":\"https:\/\/www.agroruralsurf.com\/#\/schema\/logo\/image\/\"}},{\"@type\":\"Person\",\"@id\":\"https:\/\/www.agroruralsurf.com\/#\/schema\/person\/6a9d397e84a5bf3a324609a14025d026\",\"name\":\"Agroruralsurf\",\"image\":{\"@type\":\"ImageObject\",\"inLanguage\":\"es\",\"@id\":\"https:\/\/www.agroruralsurf.com\/#\/schema\/person\/image\/\",\"url\":\"https:\/\/secure.gravatar.com\/avatar\/f2f33805529161db2e4e5a5a5db5762a?s=96&d=mm&r=g\",\"contentUrl\":\"https:\/\/secure.gravatar.com\/avatar\/f2f33805529161db2e4e5a5a5db5762a?s=96&d=mm&r=g\",\"caption\":\"Agroruralsurf\"},\"sameAs\":[\"tito\"],\"url\":\"https:\/\/www.agroruralsurf.com\/es\/author\/tito\/\"}]}<\/script>\n<!-- \/ Yoast SEO plugin. -->","yoast_head_json":{"title":"Semana Santa - Surf Camp Estartit - Girona - agroruralsurf","description":"Not\u00edces de surf, skate, ecologisme, paddle surf de m\u00e0 de Agro Rural Surf, l'escola de surf de la Costa Brava.","robots":{"index":"index","follow":"follow","max-snippet":"max-snippet:-1","max-image-preview":"max-image-preview:large","max-video-preview":"max-video-preview:-1"},"canonical":"https:\/\/www.agroruralsurf.com\/sin-categorizar\/semana-santa-surf-camp-estartit-girona\/","og_locale":"es_ES","og_type":"article","og_title":"Semana Santa - Surf Camp Estartit - Girona - agroruralsurf","og_description":"Not\u00edces de surf, skate, ecologisme, paddle surf de m\u00e0 de Agro Rural Surf, l'escola de surf de la Costa Brava.","og_url":"https:\/\/www.agroruralsurf.com\/sin-categorizar\/semana-santa-surf-camp-estartit-girona\/","og_site_name":"agroruralsurf","article_publisher":"https:\/\/www.facebook.com\/agroruralsurf\/","article_published_time":"2019-03-12T08:54:17+00:00","og_image":[{"url":"https:\/\/www.agroruralsurf.com\/wp-content\/uploads\/2018\/04\/Captura-de-pantalla-2018-09-18-a-les-16.21.18-1024x510.png"}],"author":"Agroruralsurf","twitter_card":"summary_large_image","twitter_misc":{"Escrito por":"Agroruralsurf","Tiempo de lectura":"2 minutos"},"schema":{"@context":"https:\/\/schema.org","@graph":[{"@type":"Article","@id":"https:\/\/www.agroruralsurf.com\/sin-categorizar\/semana-santa-surf-camp-estartit-girona\/#article","isPartOf":{"@id":"https:\/\/www.agroruralsurf.com\/sin-categorizar\/semana-santa-surf-camp-estartit-girona\/"},"author":{"name":"Agroruralsurf","@id":"https:\/\/www.agroruralsurf.com\/#\/schema\/person\/6a9d397e84a5bf3a324609a14025d026"},"headline":"Semana Santa &#8211; Surf Camp Estartit &#8211; Girona","datePublished":"2019-03-12T08:54:17+00:00","dateModified":"2019-03-12T08:54:17+00:00","mainEntityOfPage":{"@id":"https:\/\/www.agroruralsurf.com\/sin-categorizar\/semana-santa-surf-camp-estartit-girona\/"},"wordCount":436,"commentCount":0,"publisher":{"@id":"https:\/\/www.agroruralsurf.com\/#organization"},"keywords":["Camp","Casal","Estartit","ni\u00f1os","paddle surf","setmana santa","surf","Torroella de Montgr\u00ed"],"articleSection":["Sin categorizar"],"inLanguage":"es","potentialAction":[{"@type":"CommentAction","name":"Comment","target":["https:\/\/www.agroruralsurf.com\/sin-categorizar\/semana-santa-surf-camp-estartit-girona\/#respond"]}]},{"@type":"WebPage","@id":"https:\/\/www.agroruralsurf.com\/sin-categorizar\/semana-santa-surf-camp-estartit-girona\/","url":"https:\/\/www.agroruralsurf.com\/sin-categorizar\/semana-santa-surf-camp-estartit-girona\/","name":"Semana Santa - Surf Camp Estartit - Girona - agroruralsurf","isPartOf":{"@id":"https:\/\/www.agroruralsurf.com\/#website"},"datePublished":"2019-03-12T08:54:17+00:00","dateModified":"2019-03-12T08:54:17+00:00","description":"Not\u00edces de surf, skate, ecologisme, paddle surf de m\u00e0 de Agro Rural Surf, l'escola de surf de la Costa Brava.","breadcrumb":{"@id":"https:\/\/www.agroruralsurf.com\/sin-categorizar\/semana-santa-surf-camp-estartit-girona\/#breadcrumb"},"inLanguage":"es","potentialAction":[{"@type":"ReadAction","target":["https:\/\/www.agroruralsurf.com\/sin-categorizar\/semana-santa-surf-camp-estartit-girona\/"]}]},{"@type":"BreadcrumbList","@id":"https:\/\/www.agroruralsurf.com\/sin-categorizar\/semana-santa-surf-camp-estartit-girona\/#breadcrumb","itemListElement":[{"@type":"ListItem","position":1,"name":"Inici","item":"https:\/\/www.agroruralsurf.com\/"},{"@type":"ListItem","position":2,"name":"Semana Santa &#8211; Surf Camp Estartit &#8211; Girona"}]},{"@type":"WebSite","@id":"https:\/\/www.agroruralsurf.com\/#website","url":"https:\/\/www.agroruralsurf.com\/","name":"agroruralsurf","description":"agroruralsurf","publisher":{"@id":"https:\/\/www.agroruralsurf.com\/#organization"},"potentialAction":[{"@type":"SearchAction","target":{"@type":"EntryPoint","urlTemplate":"https:\/\/www.agroruralsurf.com\/?s={search_term_string}"},"query-input":"required name=search_term_string"}],"inLanguage":"es"},{"@type":"Organization","@id":"https:\/\/www.agroruralsurf.com\/#organization","name":"Agro Rural Surf","url":"https:\/\/www.agroruralsurf.com\/","sameAs":["https:\/\/www.instagram.com\/agroruralsurf\/","https:\/\/www.youtube.com\/channel\/UCqe6P2fGcAVgk66aE8VP_kA","https:\/\/www.facebook.com\/agroruralsurf\/"],"logo":{"@type":"ImageObject","inLanguage":"es","@id":"https:\/\/www.agroruralsurf.com\/#\/schema\/logo\/image\/","url":"https:\/\/www.agroruralsurf.com\/wp-content\/uploads\/2019\/11\/cropped-Logo-rodo-negre@2x.png","contentUrl":"https:\/\/www.agroruralsurf.com\/wp-content\/uploads\/2019\/11\/cropped-Logo-rodo-negre@2x.png","width":512,"height":512,"caption":"Agro Rural Surf"},"image":{"@id":"https:\/\/www.agroruralsurf.com\/#\/schema\/logo\/image\/"}},{"@type":"Person","@id":"https:\/\/www.agroruralsurf.com\/#\/schema\/person\/6a9d397e84a5bf3a324609a14025d026","name":"Agroruralsurf","image":{"@type":"ImageObject","inLanguage":"es","@id":"https:\/\/www.agroruralsurf.com\/#\/schema\/person\/image\/","url":"https:\/\/secure.gravatar.com\/avatar\/f2f33805529161db2e4e5a5a5db5762a?s=96&d=mm&r=g","contentUrl":"https:\/\/secure.gravatar.com\/avatar\/f2f33805529161db2e4e5a5a5db5762a?s=96&d=mm&r=g","caption":"Agroruralsurf"},"sameAs":["tito"],"url":"https:\/\/www.agroruralsurf.com\/es\/author\/tito\/"}]}},"_links":{"self":[{"href":"https:\/\/www.agroruralsurf.com\/es\/wp-json\/wp\/v2\/posts\/26125"}],"collection":[{"href":"https:\/\/www.agroruralsurf.com\/es\/wp-json\/wp\/v2\/posts"}],"about":[{"href":"https:\/\/www.agroruralsurf.com\/es\/wp-json\/wp\/v2\/types\/post"}],"author":[{"embeddable":true,"href":"https:\/\/www.agroruralsurf.com\/es\/wp-json\/wp\/v2\/users\/3"}],"replies":[{"embeddable":true,"href":"https:\/\/www.agroruralsurf.com\/es\/wp-json\/wp\/v2\/comments?post=26125"}],"version-history":[{"count":0,"href":"https:\/\/www.agroruralsurf.com\/es\/wp-json\/wp\/v2\/posts\/26125\/revisions"}],"wp:featuredmedia":[{"embeddable":true,"href":"https:\/\/www.agroruralsurf.com\/es\/wp-json\/wp\/v2\/media\/24212"}],"wp:attachment":[{"href":"https:\/\/www.agroruralsurf.com\/es\/wp-json\/wp\/v2\/media?parent=26125"}],"wp:term":[{"taxonomy":"category","embeddable":true,"href":"https:\/\/www.agroruralsurf.com\/es\/wp-json\/wp\/v2\/categories?post=26125"},{"taxonomy":"post_tag","embeddable":true,"href":"https:\/\/www.agroruralsurf.com\/es\/wp-json\/wp\/v2\/tags?post=26125"}],"curies":[{"name":"wp","href":"https:\/\/api.w.org\/{rel}","templated":true}]}}