{"id":26144,"date":"2017-10-30T15:15:43","date_gmt":"2017-10-30T15:15:43","guid":{"rendered":"https:\/\/www.agroruralsurf.com\/sin-categorizar\/da-una-vuelta-a-la-islas-medes-nadando-por-el-maraton-de-tv3\/"},"modified":"2017-10-30T15:15:43","modified_gmt":"2017-10-30T15:15:43","slug":"da-una-vuelta-a-la-islas-medes-nadando-por-el-maraton-de-tv3","status":"publish","type":"post","link":"https:\/\/www.agroruralsurf.com\/es\/sin-categorizar\/da-una-vuelta-a-la-islas-medes-nadando-por-el-maraton-de-tv3\/","title":{"rendered":"Da una vuelta a la islas medes Nadando por el Marat\u00f3n de Tv3"},"content":{"rendered":"<p>Este s\u00e1bado d\u00eda 4 de Noviembre Neda al M\u00f3n organiza una traves\u00eda por el Marat\u00f3n de TV3. La escuela Agroruralsurf ofrece el soporte log\u00edstico para esta prueba como escuela especialista en surf y Paddle surf.<\/p>\n<p>La traves\u00eda Nada el Mundo Zoggs Illes Medes por el Marat\u00f3n de TV3 es una traves\u00eda solidaria, donde el 100% de los beneficios de la traves\u00eda van destinados a la Marat\u00f3n de TV3. Nada el Mundo organiza como cada a\u00f1o un gran reto en un entorno natural espectacular y altamente protegido. Desde el a\u00f1o 2011, la traves\u00eda pasa entre la Meda Gran y la Meda Petita, saliendo y llegando a la Platgeta de l&#8217;Estartit, completando los 5200 metros de este recorrido solidario.<\/p>\n<p>Realizamos un sorteo de dos inscripciones para aquellos que todav\u00eda no tengan. Entra en la p\u00e1gina del facebok\u00a0de la escuela y participa en el sorteo<\/p>\n<p>https:\/\/www.facebook.com\/agroruralsurf\/<\/p>\n<p>La traves\u00eda tiene tambi\u00e9n una versi\u00f3n m\u00e1s corta, de 3400 metros, y otra para nuevos nedadictos, el bautizo nedadicto, de 1700m, ideal para estrenarse y ser acompa\u00f1ado por los nedaddictos m\u00e1s expertos.<\/p>\n<p>Este a\u00f1o 2017, las traves\u00edas son el s\u00e1bado d\u00eda 4 de Noviembre, pero si la meteorolog\u00eda no lo permitiera, pasar\u00eda al d\u00eda siguiente, el domingo 5 de Noviembre. Por tanto, los nedaddictos deben bloquearse todo el fin de semana.<\/p>\n<p>Os esperamos!!<\/p>\n<p>&nbsp;<\/p>\n<p>Para m\u00e1s informaci\u00f3n:<\/p>\n<p>&nbsp;<\/p>\n<p>https:\/\/www.nedaelmon.com\/ca\/Travessies\/Detalls\/24<\/p>\n","protected":false},"excerpt":{"rendered":"<p>Este s\u00e1bado d\u00eda 4 de Noviembre Neda al M\u00f3n organiza una traves\u00eda por el Marat\u00f3n de TV3. La escuela Agroruralsurf ofrece el soporte log\u00edstico para esta prueba como escuela especialista&#8230;<\/p>\n","protected":false},"author":3,"featured_media":23682,"comment_status":"open","ping_status":"open","sticky":false,"template":"","format":"standard","meta":[],"categories":[533],"tags":[551,554,549,657,569],"yoast_head":"<!-- This site is optimized with the Yoast SEO plugin v19.6.1 - https:\/\/yoast.com\/wordpress\/plugins\/seo\/ -->\n<title>Da una vuelta a la islas medes Nadando por el Marat\u00f3n de Tv3 - agroruralsurf<\/title>\n<meta name=\"description\" content=\"Not\u00edces de surf, skate, ecologisme, paddle surf de m\u00e0 de Agro Rural Surf, l&#039;escola de surf de la Costa Brava.\" \/>\n<meta name=\"robots\" content=\"index, follow, max-snippet:-1, max-image-preview:large, max-video-preview:-1\" \/>\n<link rel=\"canonical\" href=\"https:\/\/www.agroruralsurf.com\/sin-categorizar\/da-una-vuelta-a-la-islas-medes-nadando-por-el-maraton-de-tv3\/\" \/>\n<meta property=\"og:locale\" content=\"es_ES\" \/>\n<meta property=\"og:type\" content=\"article\" \/>\n<meta property=\"og:title\" content=\"Da una vuelta a la islas medes Nadando por el Marat\u00f3n de Tv3 - agroruralsurf\" \/>\n<meta property=\"og:description\" content=\"Not\u00edces de surf, skate, ecologisme, paddle surf de m\u00e0 de Agro Rural Surf, l&#039;escola de surf de la Costa Brava.\" \/>\n<meta property=\"og:url\" content=\"https:\/\/www.agroruralsurf.com\/sin-categorizar\/da-una-vuelta-a-la-islas-medes-nadando-por-el-maraton-de-tv3\/\" \/>\n<meta property=\"og:site_name\" content=\"agroruralsurf\" \/>\n<meta property=\"article:publisher\" content=\"https:\/\/www.facebook.com\/agroruralsurf\/\" \/>\n<meta property=\"article:published_time\" content=\"2017-10-30T15:15:43+00:00\" \/>\n<meta property=\"og:image\" content=\"https:\/\/www.agroruralsurf.com\/wp-content\/uploads\/2021\/05\/WEB2-scaled.jpg\" \/>\n\t<meta property=\"og:image:width\" content=\"2560\" \/>\n\t<meta property=\"og:image:height\" content=\"1536\" \/>\n\t<meta property=\"og:image:type\" content=\"image\/jpeg\" \/>\n<meta name=\"author\" content=\"Agroruralsurf\" \/>\n<meta name=\"twitter:card\" content=\"summary_large_image\" \/>\n<meta name=\"twitter:label1\" content=\"Escrito por\" \/>\n\t<meta name=\"twitter:data1\" content=\"Agroruralsurf\" \/>\n\t<meta name=\"twitter:label2\" content=\"Tiempo de lectura\" \/>\n\t<meta name=\"twitter:data2\" content=\"1 minuto\" \/>\n<script type=\"application\/ld+json\" class=\"yoast-schema-graph\">{\"@context\":\"https:\/\/schema.org\",\"@graph\":[{\"@type\":\"Article\",\"@id\":\"https:\/\/www.agroruralsurf.com\/sin-categorizar\/da-una-vuelta-a-la-islas-medes-nadando-por-el-maraton-de-tv3\/#article\",\"isPartOf\":{\"@id\":\"https:\/\/www.agroruralsurf.com\/sin-categorizar\/da-una-vuelta-a-la-islas-medes-nadando-por-el-maraton-de-tv3\/\"},\"author\":{\"name\":\"Agroruralsurf\",\"@id\":\"https:\/\/www.agroruralsurf.com\/#\/schema\/person\/6a9d397e84a5bf3a324609a14025d026\"},\"headline\":\"Da una vuelta a la islas medes Nadando por el Marat\u00f3n de Tv3\",\"datePublished\":\"2017-10-30T15:15:43+00:00\",\"dateModified\":\"2017-10-30T15:15:43+00:00\",\"mainEntityOfPage\":{\"@id\":\"https:\/\/www.agroruralsurf.com\/sin-categorizar\/da-una-vuelta-a-la-islas-medes-nadando-por-el-maraton-de-tv3\/\"},\"wordCount\":270,\"commentCount\":0,\"publisher\":{\"@id\":\"https:\/\/www.agroruralsurf.com\/#organization\"},\"keywords\":[\"illes medes\",\"nada el mundo\",\"paddle surf\",\"sup\",\"surf emporda\"],\"articleSection\":[\"Sin categorizar\"],\"inLanguage\":\"es\",\"potentialAction\":[{\"@type\":\"CommentAction\",\"name\":\"Comment\",\"target\":[\"https:\/\/www.agroruralsurf.com\/sin-categorizar\/da-una-vuelta-a-la-islas-medes-nadando-por-el-maraton-de-tv3\/#respond\"]}]},{\"@type\":\"WebPage\",\"@id\":\"https:\/\/www.agroruralsurf.com\/sin-categorizar\/da-una-vuelta-a-la-islas-medes-nadando-por-el-maraton-de-tv3\/\",\"url\":\"https:\/\/www.agroruralsurf.com\/sin-categorizar\/da-una-vuelta-a-la-islas-medes-nadando-por-el-maraton-de-tv3\/\",\"name\":\"Da una vuelta a la islas medes Nadando por el Marat\u00f3n de Tv3 - agroruralsurf\",\"isPartOf\":{\"@id\":\"https:\/\/www.agroruralsurf.com\/#website\"},\"datePublished\":\"2017-10-30T15:15:43+00:00\",\"dateModified\":\"2017-10-30T15:15:43+00:00\",\"description\":\"Not\u00edces de surf, skate, ecologisme, paddle surf de m\u00e0 de Agro Rural Surf, l'escola de surf de la Costa Brava.\",\"breadcrumb\":{\"@id\":\"https:\/\/www.agroruralsurf.com\/sin-categorizar\/da-una-vuelta-a-la-islas-medes-nadando-por-el-maraton-de-tv3\/#breadcrumb\"},\"inLanguage\":\"es\",\"potentialAction\":[{\"@type\":\"ReadAction\",\"target\":[\"https:\/\/www.agroruralsurf.com\/sin-categorizar\/da-una-vuelta-a-la-islas-medes-nadando-por-el-maraton-de-tv3\/\"]}]},{\"@type\":\"BreadcrumbList\",\"@id\":\"https:\/\/www.agroruralsurf.com\/sin-categorizar\/da-una-vuelta-a-la-islas-medes-nadando-por-el-maraton-de-tv3\/#breadcrumb\",\"itemListElement\":[{\"@type\":\"ListItem\",\"position\":1,\"name\":\"Inici\",\"item\":\"https:\/\/www.agroruralsurf.com\/\"},{\"@type\":\"ListItem\",\"position\":2,\"name\":\"Da una vuelta a la islas medes Nadando por el Marat\u00f3n de Tv3\"}]},{\"@type\":\"WebSite\",\"@id\":\"https:\/\/www.agroruralsurf.com\/#website\",\"url\":\"https:\/\/www.agroruralsurf.com\/\",\"name\":\"agroruralsurf\",\"description\":\"agroruralsurf\",\"publisher\":{\"@id\":\"https:\/\/www.agroruralsurf.com\/#organization\"},\"potentialAction\":[{\"@type\":\"SearchAction\",\"target\":{\"@type\":\"EntryPoint\",\"urlTemplate\":\"https:\/\/www.agroruralsurf.com\/?s={search_term_string}\"},\"query-input\":\"required name=search_term_string\"}],\"inLanguage\":\"es\"},{\"@type\":\"Organization\",\"@id\":\"https:\/\/www.agroruralsurf.com\/#organization\",\"name\":\"Agro Rural Surf\",\"url\":\"https:\/\/www.agroruralsurf.com\/\",\"sameAs\":[\"https:\/\/www.instagram.com\/agroruralsurf\/\",\"https:\/\/www.youtube.com\/channel\/UCqe6P2fGcAVgk66aE8VP_kA\",\"https:\/\/www.facebook.com\/agroruralsurf\/\"],\"logo\":{\"@type\":\"ImageObject\",\"inLanguage\":\"es\",\"@id\":\"https:\/\/www.agroruralsurf.com\/#\/schema\/logo\/image\/\",\"url\":\"https:\/\/www.agroruralsurf.com\/wp-content\/uploads\/2019\/11\/cropped-Logo-rodo-negre@2x.png\",\"contentUrl\":\"https:\/\/www.agroruralsurf.com\/wp-content\/uploads\/2019\/11\/cropped-Logo-rodo-negre@2x.png\",\"width\":512,\"height\":512,\"caption\":\"Agro Rural Surf\"},\"image\":{\"@id\":\"https:\/\/www.agroruralsurf.com\/#\/schema\/logo\/image\/\"}},{\"@type\":\"Person\",\"@id\":\"https:\/\/www.agroruralsurf.com\/#\/schema\/person\/6a9d397e84a5bf3a324609a14025d026\",\"name\":\"Agroruralsurf\",\"image\":{\"@type\":\"ImageObject\",\"inLanguage\":\"es\",\"@id\":\"https:\/\/www.agroruralsurf.com\/#\/schema\/person\/image\/\",\"url\":\"https:\/\/secure.gravatar.com\/avatar\/f2f33805529161db2e4e5a5a5db5762a?s=96&d=mm&r=g\",\"contentUrl\":\"https:\/\/secure.gravatar.com\/avatar\/f2f33805529161db2e4e5a5a5db5762a?s=96&d=mm&r=g\",\"caption\":\"Agroruralsurf\"},\"sameAs\":[\"tito\"],\"url\":\"https:\/\/www.agroruralsurf.com\/es\/author\/tito\/\"}]}<\/script>\n<!-- \/ Yoast SEO plugin. -->","yoast_head_json":{"title":"Da una vuelta a la islas medes Nadando por el Marat\u00f3n de Tv3 - agroruralsurf","description":"Not\u00edces de surf, skate, ecologisme, paddle surf de m\u00e0 de Agro Rural Surf, l'escola de surf de la Costa Brava.","robots":{"index":"index","follow":"follow","max-snippet":"max-snippet:-1","max-image-preview":"max-image-preview:large","max-video-preview":"max-video-preview:-1"},"canonical":"https:\/\/www.agroruralsurf.com\/sin-categorizar\/da-una-vuelta-a-la-islas-medes-nadando-por-el-maraton-de-tv3\/","og_locale":"es_ES","og_type":"article","og_title":"Da una vuelta a la islas medes Nadando por el Marat\u00f3n de Tv3 - agroruralsurf","og_description":"Not\u00edces de surf, skate, ecologisme, paddle surf de m\u00e0 de Agro Rural Surf, l'escola de surf de la Costa Brava.","og_url":"https:\/\/www.agroruralsurf.com\/sin-categorizar\/da-una-vuelta-a-la-islas-medes-nadando-por-el-maraton-de-tv3\/","og_site_name":"agroruralsurf","article_publisher":"https:\/\/www.facebook.com\/agroruralsurf\/","article_published_time":"2017-10-30T15:15:43+00:00","og_image":[{"width":2560,"height":1536,"url":"https:\/\/www.agroruralsurf.com\/wp-content\/uploads\/2021\/05\/WEB2-scaled.jpg","type":"image\/jpeg"}],"author":"Agroruralsurf","twitter_card":"summary_large_image","twitter_misc":{"Escrito por":"Agroruralsurf","Tiempo de lectura":"1 minuto"},"schema":{"@context":"https:\/\/schema.org","@graph":[{"@type":"Article","@id":"https:\/\/www.agroruralsurf.com\/sin-categorizar\/da-una-vuelta-a-la-islas-medes-nadando-por-el-maraton-de-tv3\/#article","isPartOf":{"@id":"https:\/\/www.agroruralsurf.com\/sin-categorizar\/da-una-vuelta-a-la-islas-medes-nadando-por-el-maraton-de-tv3\/"},"author":{"name":"Agroruralsurf","@id":"https:\/\/www.agroruralsurf.com\/#\/schema\/person\/6a9d397e84a5bf3a324609a14025d026"},"headline":"Da una vuelta a la islas medes Nadando por el Marat\u00f3n de Tv3","datePublished":"2017-10-30T15:15:43+00:00","dateModified":"2017-10-30T15:15:43+00:00","mainEntityOfPage":{"@id":"https:\/\/www.agroruralsurf.com\/sin-categorizar\/da-una-vuelta-a-la-islas-medes-nadando-por-el-maraton-de-tv3\/"},"wordCount":270,"commentCount":0,"publisher":{"@id":"https:\/\/www.agroruralsurf.com\/#organization"},"keywords":["illes medes","nada el mundo","paddle surf","sup","surf emporda"],"articleSection":["Sin categorizar"],"inLanguage":"es","potentialAction":[{"@type":"CommentAction","name":"Comment","target":["https:\/\/www.agroruralsurf.com\/sin-categorizar\/da-una-vuelta-a-la-islas-medes-nadando-por-el-maraton-de-tv3\/#respond"]}]},{"@type":"WebPage","@id":"https:\/\/www.agroruralsurf.com\/sin-categorizar\/da-una-vuelta-a-la-islas-medes-nadando-por-el-maraton-de-tv3\/","url":"https:\/\/www.agroruralsurf.com\/sin-categorizar\/da-una-vuelta-a-la-islas-medes-nadando-por-el-maraton-de-tv3\/","name":"Da una vuelta a la islas medes Nadando por el Marat\u00f3n de Tv3 - agroruralsurf","isPartOf":{"@id":"https:\/\/www.agroruralsurf.com\/#website"},"datePublished":"2017-10-30T15:15:43+00:00","dateModified":"2017-10-30T15:15:43+00:00","description":"Not\u00edces de surf, skate, ecologisme, paddle surf de m\u00e0 de Agro Rural Surf, l'escola de surf de la Costa Brava.","breadcrumb":{"@id":"https:\/\/www.agroruralsurf.com\/sin-categorizar\/da-una-vuelta-a-la-islas-medes-nadando-por-el-maraton-de-tv3\/#breadcrumb"},"inLanguage":"es","potentialAction":[{"@type":"ReadAction","target":["https:\/\/www.agroruralsurf.com\/sin-categorizar\/da-una-vuelta-a-la-islas-medes-nadando-por-el-maraton-de-tv3\/"]}]},{"@type":"BreadcrumbList","@id":"https:\/\/www.agroruralsurf.com\/sin-categorizar\/da-una-vuelta-a-la-islas-medes-nadando-por-el-maraton-de-tv3\/#breadcrumb","itemListElement":[{"@type":"ListItem","position":1,"name":"Inici","item":"https:\/\/www.agroruralsurf.com\/"},{"@type":"ListItem","position":2,"name":"Da una vuelta a la islas medes Nadando por el Marat\u00f3n de Tv3"}]},{"@type":"WebSite","@id":"https:\/\/www.agroruralsurf.com\/#website","url":"https:\/\/www.agroruralsurf.com\/","name":"agroruralsurf","description":"agroruralsurf","publisher":{"@id":"https:\/\/www.agroruralsurf.com\/#organization"},"potentialAction":[{"@type":"SearchAction","target":{"@type":"EntryPoint","urlTemplate":"https:\/\/www.agroruralsurf.com\/?s={search_term_string}"},"query-input":"required name=search_term_string"}],"inLanguage":"es"},{"@type":"Organization","@id":"https:\/\/www.agroruralsurf.com\/#organization","name":"Agro Rural Surf","url":"https:\/\/www.agroruralsurf.com\/","sameAs":["https:\/\/www.instagram.com\/agroruralsurf\/","https:\/\/www.youtube.com\/channel\/UCqe6P2fGcAVgk66aE8VP_kA","https:\/\/www.facebook.com\/agroruralsurf\/"],"logo":{"@type":"ImageObject","inLanguage":"es","@id":"https:\/\/www.agroruralsurf.com\/#\/schema\/logo\/image\/","url":"https:\/\/www.agroruralsurf.com\/wp-content\/uploads\/2019\/11\/cropped-Logo-rodo-negre@2x.png","contentUrl":"https:\/\/www.agroruralsurf.com\/wp-content\/uploads\/2019\/11\/cropped-Logo-rodo-negre@2x.png","width":512,"height":512,"caption":"Agro Rural Surf"},"image":{"@id":"https:\/\/www.agroruralsurf.com\/#\/schema\/logo\/image\/"}},{"@type":"Person","@id":"https:\/\/www.agroruralsurf.com\/#\/schema\/person\/6a9d397e84a5bf3a324609a14025d026","name":"Agroruralsurf","image":{"@type":"ImageObject","inLanguage":"es","@id":"https:\/\/www.agroruralsurf.com\/#\/schema\/person\/image\/","url":"https:\/\/secure.gravatar.com\/avatar\/f2f33805529161db2e4e5a5a5db5762a?s=96&d=mm&r=g","contentUrl":"https:\/\/secure.gravatar.com\/avatar\/f2f33805529161db2e4e5a5a5db5762a?s=96&d=mm&r=g","caption":"Agroruralsurf"},"sameAs":["tito"],"url":"https:\/\/www.agroruralsurf.com\/es\/author\/tito\/"}]}},"_links":{"self":[{"href":"https:\/\/www.agroruralsurf.com\/es\/wp-json\/wp\/v2\/posts\/26144"}],"collection":[{"href":"https:\/\/www.agroruralsurf.com\/es\/wp-json\/wp\/v2\/posts"}],"about":[{"href":"https:\/\/www.agroruralsurf.com\/es\/wp-json\/wp\/v2\/types\/post"}],"author":[{"embeddable":true,"href":"https:\/\/www.agroruralsurf.com\/es\/wp-json\/wp\/v2\/users\/3"}],"replies":[{"embeddable":true,"href":"https:\/\/www.agroruralsurf.com\/es\/wp-json\/wp\/v2\/comments?post=26144"}],"version-history":[{"count":0,"href":"https:\/\/www.agroruralsurf.com\/es\/wp-json\/wp\/v2\/posts\/26144\/revisions"}],"wp:featuredmedia":[{"embeddable":true,"href":"https:\/\/www.agroruralsurf.com\/es\/wp-json\/wp\/v2\/media\/23682"}],"wp:attachment":[{"href":"https:\/\/www.agroruralsurf.com\/es\/wp-json\/wp\/v2\/media?parent=26144"}],"wp:term":[{"taxonomy":"category","embeddable":true,"href":"https:\/\/www.agroruralsurf.com\/es\/wp-json\/wp\/v2\/categories?post=26144"},{"taxonomy":"post_tag","embeddable":true,"href":"https:\/\/www.agroruralsurf.com\/es\/wp-json\/wp\/v2\/tags?post=26144"}],"curies":[{"name":"wp","href":"https:\/\/api.w.org\/{rel}","templated":true}]}}