{"id":26174,"date":"2016-09-14T08:42:32","date_gmt":"2016-09-14T08:42:32","guid":{"rendered":"https:\/\/www.agroruralsurf.com\/sin-categorizar\/empieza-la-temporada-de-surf-en-el-emporda\/"},"modified":"2022-08-08T07:06:32","modified_gmt":"2022-08-08T07:06:32","slug":"empieza-la-temporada-de-surf-en-el-emporda","status":"publish","type":"post","link":"https:\/\/www.agroruralsurf.com\/es\/sin-categorizar\/empieza-la-temporada-de-surf-en-el-emporda\/","title":{"rendered":"Empieza la Temporada de Surf en el Empord\u00e0"},"content":{"rendered":"<p><strong>El pr\u00f3ximo d\u00eda 2 de octubre comienza la temporada de surf y con ello los nuevos productos de la nueva temporada.<\/strong><\/p>\n<p><\/p>\n<p>Cada domingo de los meses de octubre y noviembre ofrecemos la oportunidad de todos aquellos ni\u00f1os que quieran participar con el club, aprender a hacer surf y conocer el mundo del surf, es su momento para inscribirse en el ARS campo OTO\u00d1O.<\/p>\n<p>Realizamos talleres, surf, skate, Stand Up Paddle surf, Trabajos de equilibrios, y otras muchas actividades.<\/p>\n<p>\u00a1Ven a probarlo!<\/p>\n<p><\/p>\n<p>Horario: 10 semanas (del 2 de octubre al 4 de diciembre incluidos) de 10h de la ma\u00f1ana a 13.30h del mediod\u00eda.<\/p>\n<p><\/p>\n<p>Ofrecemos packs especiales para los dos meses:<\/p>\n<p>&#8211; 10 semanas: Octubre y Noviembre 180\u20ac (no socios) &#8211; 125\u20ac (socios)<\/p>\n<p>&#8211; 5 semanas: Octubre o Noviembre: 120\u20ac (no socios) &#8211; 85\u20ac (socios)<\/p>\n<p>&#8211; Un solo domingo: 35\u20ac (no socios) &#8211; 25\u20ac (socios)<\/p>\n<p><\/p>\n<p>*Adem\u00e1s si se apunta m\u00e1s de un hermano le hacemos un 5% de descuento con cada uno de los ni\u00f1os.<\/p>\n<p><\/p>\n<p><\/p>\n","protected":false},"excerpt":{"rendered":"<p>El pr\u00f3ximo d\u00eda 2 de octubre comienza la temporada de surf y con ello los nuevos productos de la nueva temporada. Cada domingo de los meses de octubre y noviembre&#8230;<\/p>\n","protected":false},"author":3,"featured_media":23210,"comment_status":"open","ping_status":"open","sticky":false,"template":"","format":"video","meta":[],"categories":[533],"tags":[613,653,604,603,591,745,568,685,646,743,746,744],"yoast_head":"<!-- This site is optimized with the Yoast SEO plugin v19.6.1 - https:\/\/yoast.com\/wordpress\/plugins\/seo\/ -->\n<title>Empieza la Temporada de Surf en el Empord\u00e0 - agroruralsurf<\/title>\n<meta name=\"description\" content=\"Not\u00edces de surf, skate, ecologisme, paddle surf de m\u00e0 de Agro Rural Surf, l&#039;escola de surf de la Costa Brava.\" \/>\n<meta name=\"robots\" content=\"index, follow, max-snippet:-1, max-image-preview:large, max-video-preview:-1\" \/>\n<link rel=\"canonical\" href=\"https:\/\/www.agroruralsurf.com\/es\/sin-categorizar\/empieza-la-temporada-de-surf-en-el-emporda\/\" \/>\n<meta property=\"og:locale\" content=\"es_ES\" \/>\n<meta property=\"og:type\" content=\"article\" \/>\n<meta property=\"og:title\" content=\"Empieza la Temporada de Surf en el Empord\u00e0 - agroruralsurf\" \/>\n<meta property=\"og:description\" content=\"Not\u00edces de surf, skate, ecologisme, paddle surf de m\u00e0 de Agro Rural Surf, l&#039;escola de surf de la Costa Brava.\" \/>\n<meta property=\"og:url\" content=\"https:\/\/www.agroruralsurf.com\/es\/sin-categorizar\/empieza-la-temporada-de-surf-en-el-emporda\/\" \/>\n<meta property=\"og:site_name\" content=\"agroruralsurf\" \/>\n<meta property=\"article:publisher\" content=\"https:\/\/www.facebook.com\/agroruralsurf\/\" \/>\n<meta property=\"article:published_time\" content=\"2016-09-14T08:42:32+00:00\" \/>\n<meta property=\"article:modified_time\" content=\"2022-08-08T07:06:32+00:00\" \/>\n<meta property=\"og:image\" content=\"https:\/\/www.agroruralsurf.com\/wp-content\/uploads\/2016\/09\/Portada-ARS-camp.jpg\" \/>\n\t<meta property=\"og:image:width\" content=\"1280\" \/>\n\t<meta property=\"og:image:height\" content=\"848\" \/>\n\t<meta property=\"og:image:type\" content=\"image\/jpeg\" \/>\n<meta name=\"author\" content=\"Agroruralsurf\" \/>\n<meta name=\"twitter:card\" content=\"summary_large_image\" \/>\n<meta name=\"twitter:label1\" content=\"Escrito por\" \/>\n\t<meta name=\"twitter:data1\" content=\"Agroruralsurf\" \/>\n\t<meta name=\"twitter:label2\" content=\"Tiempo de lectura\" \/>\n\t<meta name=\"twitter:data2\" content=\"1 minuto\" \/>\n<script type=\"application\/ld+json\" class=\"yoast-schema-graph\">{\"@context\":\"https:\/\/schema.org\",\"@graph\":[{\"@type\":\"Article\",\"@id\":\"https:\/\/www.agroruralsurf.com\/es\/sin-categorizar\/empieza-la-temporada-de-surf-en-el-emporda\/#article\",\"isPartOf\":{\"@id\":\"https:\/\/www.agroruralsurf.com\/es\/sin-categorizar\/empieza-la-temporada-de-surf-en-el-emporda\/\"},\"author\":{\"name\":\"Agroruralsurf\",\"@id\":\"https:\/\/www.agroruralsurf.com\/#\/schema\/person\/6a9d397e84a5bf3a324609a14025d026\"},\"headline\":\"Empieza la Temporada de Surf en el Empord\u00e0\",\"datePublished\":\"2016-09-14T08:42:32+00:00\",\"dateModified\":\"2022-08-08T07:06:32+00:00\",\"mainEntityOfPage\":{\"@id\":\"https:\/\/www.agroruralsurf.com\/es\/sin-categorizar\/empieza-la-temporada-de-surf-en-el-emporda\/\"},\"wordCount\":167,\"commentCount\":0,\"publisher\":{\"@id\":\"https:\/\/www.agroruralsurf.com\/#organization\"},\"keywords\":[\"actividades para ni\u00f1os costa brava\",\"Camp\",\"casal deportivo\",\"casal surf\",\"Empord\u00e0\",\"spring\",\"surf\",\"surf camp\",\"surf costa brava\",\"surf kids\",\"surf per a nens\",\"tardor\"],\"articleSection\":[\"Sin categorizar\"],\"inLanguage\":\"es\",\"potentialAction\":[{\"@type\":\"CommentAction\",\"name\":\"Comment\",\"target\":[\"https:\/\/www.agroruralsurf.com\/es\/sin-categorizar\/empieza-la-temporada-de-surf-en-el-emporda\/#respond\"]}]},{\"@type\":\"WebPage\",\"@id\":\"https:\/\/www.agroruralsurf.com\/es\/sin-categorizar\/empieza-la-temporada-de-surf-en-el-emporda\/\",\"url\":\"https:\/\/www.agroruralsurf.com\/es\/sin-categorizar\/empieza-la-temporada-de-surf-en-el-emporda\/\",\"name\":\"Empieza la Temporada de Surf en el Empord\u00e0 - agroruralsurf\",\"isPartOf\":{\"@id\":\"https:\/\/www.agroruralsurf.com\/#website\"},\"datePublished\":\"2016-09-14T08:42:32+00:00\",\"dateModified\":\"2022-08-08T07:06:32+00:00\",\"description\":\"Not\u00edces de surf, skate, ecologisme, paddle surf de m\u00e0 de Agro Rural Surf, l'escola de surf de la Costa Brava.\",\"breadcrumb\":{\"@id\":\"https:\/\/www.agroruralsurf.com\/es\/sin-categorizar\/empieza-la-temporada-de-surf-en-el-emporda\/#breadcrumb\"},\"inLanguage\":\"es\",\"potentialAction\":[{\"@type\":\"ReadAction\",\"target\":[\"https:\/\/www.agroruralsurf.com\/es\/sin-categorizar\/empieza-la-temporada-de-surf-en-el-emporda\/\"]}]},{\"@type\":\"BreadcrumbList\",\"@id\":\"https:\/\/www.agroruralsurf.com\/es\/sin-categorizar\/empieza-la-temporada-de-surf-en-el-emporda\/#breadcrumb\",\"itemListElement\":[{\"@type\":\"ListItem\",\"position\":1,\"name\":\"Inici\",\"item\":\"https:\/\/www.agroruralsurf.com\/\"},{\"@type\":\"ListItem\",\"position\":2,\"name\":\"Empieza la Temporada de Surf en el Empord\u00e0\"}]},{\"@type\":\"WebSite\",\"@id\":\"https:\/\/www.agroruralsurf.com\/#website\",\"url\":\"https:\/\/www.agroruralsurf.com\/\",\"name\":\"agroruralsurf\",\"description\":\"agroruralsurf\",\"publisher\":{\"@id\":\"https:\/\/www.agroruralsurf.com\/#organization\"},\"potentialAction\":[{\"@type\":\"SearchAction\",\"target\":{\"@type\":\"EntryPoint\",\"urlTemplate\":\"https:\/\/www.agroruralsurf.com\/?s={search_term_string}\"},\"query-input\":\"required name=search_term_string\"}],\"inLanguage\":\"es\"},{\"@type\":\"Organization\",\"@id\":\"https:\/\/www.agroruralsurf.com\/#organization\",\"name\":\"Agro Rural Surf\",\"url\":\"https:\/\/www.agroruralsurf.com\/\",\"sameAs\":[\"https:\/\/www.instagram.com\/agroruralsurf\/\",\"https:\/\/www.youtube.com\/channel\/UCqe6P2fGcAVgk66aE8VP_kA\",\"https:\/\/www.facebook.com\/agroruralsurf\/\"],\"logo\":{\"@type\":\"ImageObject\",\"inLanguage\":\"es\",\"@id\":\"https:\/\/www.agroruralsurf.com\/#\/schema\/logo\/image\/\",\"url\":\"https:\/\/www.agroruralsurf.com\/wp-content\/uploads\/2019\/11\/cropped-Logo-rodo-negre@2x.png\",\"contentUrl\":\"https:\/\/www.agroruralsurf.com\/wp-content\/uploads\/2019\/11\/cropped-Logo-rodo-negre@2x.png\",\"width\":512,\"height\":512,\"caption\":\"Agro Rural Surf\"},\"image\":{\"@id\":\"https:\/\/www.agroruralsurf.com\/#\/schema\/logo\/image\/\"}},{\"@type\":\"Person\",\"@id\":\"https:\/\/www.agroruralsurf.com\/#\/schema\/person\/6a9d397e84a5bf3a324609a14025d026\",\"name\":\"Agroruralsurf\",\"image\":{\"@type\":\"ImageObject\",\"inLanguage\":\"es\",\"@id\":\"https:\/\/www.agroruralsurf.com\/#\/schema\/person\/image\/\",\"url\":\"https:\/\/secure.gravatar.com\/avatar\/f2f33805529161db2e4e5a5a5db5762a?s=96&d=mm&r=g\",\"contentUrl\":\"https:\/\/secure.gravatar.com\/avatar\/f2f33805529161db2e4e5a5a5db5762a?s=96&d=mm&r=g\",\"caption\":\"Agroruralsurf\"},\"sameAs\":[\"tito\"],\"url\":\"https:\/\/www.agroruralsurf.com\/es\/author\/tito\/\"}]}<\/script>\n<!-- \/ Yoast SEO plugin. -->","yoast_head_json":{"title":"Empieza la Temporada de Surf en el Empord\u00e0 - agroruralsurf","description":"Not\u00edces de surf, skate, ecologisme, paddle surf de m\u00e0 de Agro Rural Surf, l'escola de surf de la Costa Brava.","robots":{"index":"index","follow":"follow","max-snippet":"max-snippet:-1","max-image-preview":"max-image-preview:large","max-video-preview":"max-video-preview:-1"},"canonical":"https:\/\/www.agroruralsurf.com\/es\/sin-categorizar\/empieza-la-temporada-de-surf-en-el-emporda\/","og_locale":"es_ES","og_type":"article","og_title":"Empieza la Temporada de Surf en el Empord\u00e0 - agroruralsurf","og_description":"Not\u00edces de surf, skate, ecologisme, paddle surf de m\u00e0 de Agro Rural Surf, l'escola de surf de la Costa Brava.","og_url":"https:\/\/www.agroruralsurf.com\/es\/sin-categorizar\/empieza-la-temporada-de-surf-en-el-emporda\/","og_site_name":"agroruralsurf","article_publisher":"https:\/\/www.facebook.com\/agroruralsurf\/","article_published_time":"2016-09-14T08:42:32+00:00","article_modified_time":"2022-08-08T07:06:32+00:00","og_image":[{"width":1280,"height":848,"url":"https:\/\/www.agroruralsurf.com\/wp-content\/uploads\/2016\/09\/Portada-ARS-camp.jpg","type":"image\/jpeg"}],"author":"Agroruralsurf","twitter_card":"summary_large_image","twitter_misc":{"Escrito por":"Agroruralsurf","Tiempo de lectura":"1 minuto"},"schema":{"@context":"https:\/\/schema.org","@graph":[{"@type":"Article","@id":"https:\/\/www.agroruralsurf.com\/es\/sin-categorizar\/empieza-la-temporada-de-surf-en-el-emporda\/#article","isPartOf":{"@id":"https:\/\/www.agroruralsurf.com\/es\/sin-categorizar\/empieza-la-temporada-de-surf-en-el-emporda\/"},"author":{"name":"Agroruralsurf","@id":"https:\/\/www.agroruralsurf.com\/#\/schema\/person\/6a9d397e84a5bf3a324609a14025d026"},"headline":"Empieza la Temporada de Surf en el Empord\u00e0","datePublished":"2016-09-14T08:42:32+00:00","dateModified":"2022-08-08T07:06:32+00:00","mainEntityOfPage":{"@id":"https:\/\/www.agroruralsurf.com\/es\/sin-categorizar\/empieza-la-temporada-de-surf-en-el-emporda\/"},"wordCount":167,"commentCount":0,"publisher":{"@id":"https:\/\/www.agroruralsurf.com\/#organization"},"keywords":["actividades para ni\u00f1os costa brava","Camp","casal deportivo","casal surf","Empord\u00e0","spring","surf","surf camp","surf costa brava","surf kids","surf per a nens","tardor"],"articleSection":["Sin categorizar"],"inLanguage":"es","potentialAction":[{"@type":"CommentAction","name":"Comment","target":["https:\/\/www.agroruralsurf.com\/es\/sin-categorizar\/empieza-la-temporada-de-surf-en-el-emporda\/#respond"]}]},{"@type":"WebPage","@id":"https:\/\/www.agroruralsurf.com\/es\/sin-categorizar\/empieza-la-temporada-de-surf-en-el-emporda\/","url":"https:\/\/www.agroruralsurf.com\/es\/sin-categorizar\/empieza-la-temporada-de-surf-en-el-emporda\/","name":"Empieza la Temporada de Surf en el Empord\u00e0 - agroruralsurf","isPartOf":{"@id":"https:\/\/www.agroruralsurf.com\/#website"},"datePublished":"2016-09-14T08:42:32+00:00","dateModified":"2022-08-08T07:06:32+00:00","description":"Not\u00edces de surf, skate, ecologisme, paddle surf de m\u00e0 de Agro Rural Surf, l'escola de surf de la Costa Brava.","breadcrumb":{"@id":"https:\/\/www.agroruralsurf.com\/es\/sin-categorizar\/empieza-la-temporada-de-surf-en-el-emporda\/#breadcrumb"},"inLanguage":"es","potentialAction":[{"@type":"ReadAction","target":["https:\/\/www.agroruralsurf.com\/es\/sin-categorizar\/empieza-la-temporada-de-surf-en-el-emporda\/"]}]},{"@type":"BreadcrumbList","@id":"https:\/\/www.agroruralsurf.com\/es\/sin-categorizar\/empieza-la-temporada-de-surf-en-el-emporda\/#breadcrumb","itemListElement":[{"@type":"ListItem","position":1,"name":"Inici","item":"https:\/\/www.agroruralsurf.com\/"},{"@type":"ListItem","position":2,"name":"Empieza la Temporada de Surf en el Empord\u00e0"}]},{"@type":"WebSite","@id":"https:\/\/www.agroruralsurf.com\/#website","url":"https:\/\/www.agroruralsurf.com\/","name":"agroruralsurf","description":"agroruralsurf","publisher":{"@id":"https:\/\/www.agroruralsurf.com\/#organization"},"potentialAction":[{"@type":"SearchAction","target":{"@type":"EntryPoint","urlTemplate":"https:\/\/www.agroruralsurf.com\/?s={search_term_string}"},"query-input":"required name=search_term_string"}],"inLanguage":"es"},{"@type":"Organization","@id":"https:\/\/www.agroruralsurf.com\/#organization","name":"Agro Rural Surf","url":"https:\/\/www.agroruralsurf.com\/","sameAs":["https:\/\/www.instagram.com\/agroruralsurf\/","https:\/\/www.youtube.com\/channel\/UCqe6P2fGcAVgk66aE8VP_kA","https:\/\/www.facebook.com\/agroruralsurf\/"],"logo":{"@type":"ImageObject","inLanguage":"es","@id":"https:\/\/www.agroruralsurf.com\/#\/schema\/logo\/image\/","url":"https:\/\/www.agroruralsurf.com\/wp-content\/uploads\/2019\/11\/cropped-Logo-rodo-negre@2x.png","contentUrl":"https:\/\/www.agroruralsurf.com\/wp-content\/uploads\/2019\/11\/cropped-Logo-rodo-negre@2x.png","width":512,"height":512,"caption":"Agro Rural Surf"},"image":{"@id":"https:\/\/www.agroruralsurf.com\/#\/schema\/logo\/image\/"}},{"@type":"Person","@id":"https:\/\/www.agroruralsurf.com\/#\/schema\/person\/6a9d397e84a5bf3a324609a14025d026","name":"Agroruralsurf","image":{"@type":"ImageObject","inLanguage":"es","@id":"https:\/\/www.agroruralsurf.com\/#\/schema\/person\/image\/","url":"https:\/\/secure.gravatar.com\/avatar\/f2f33805529161db2e4e5a5a5db5762a?s=96&d=mm&r=g","contentUrl":"https:\/\/secure.gravatar.com\/avatar\/f2f33805529161db2e4e5a5a5db5762a?s=96&d=mm&r=g","caption":"Agroruralsurf"},"sameAs":["tito"],"url":"https:\/\/www.agroruralsurf.com\/es\/author\/tito\/"}]}},"_links":{"self":[{"href":"https:\/\/www.agroruralsurf.com\/es\/wp-json\/wp\/v2\/posts\/26174"}],"collection":[{"href":"https:\/\/www.agroruralsurf.com\/es\/wp-json\/wp\/v2\/posts"}],"about":[{"href":"https:\/\/www.agroruralsurf.com\/es\/wp-json\/wp\/v2\/types\/post"}],"author":[{"embeddable":true,"href":"https:\/\/www.agroruralsurf.com\/es\/wp-json\/wp\/v2\/users\/3"}],"replies":[{"embeddable":true,"href":"https:\/\/www.agroruralsurf.com\/es\/wp-json\/wp\/v2\/comments?post=26174"}],"version-history":[{"count":0,"href":"https:\/\/www.agroruralsurf.com\/es\/wp-json\/wp\/v2\/posts\/26174\/revisions"}],"wp:featuredmedia":[{"embeddable":true,"href":"https:\/\/www.agroruralsurf.com\/es\/wp-json\/wp\/v2\/media\/23210"}],"wp:attachment":[{"href":"https:\/\/www.agroruralsurf.com\/es\/wp-json\/wp\/v2\/media?parent=26174"}],"wp:term":[{"taxonomy":"category","embeddable":true,"href":"https:\/\/www.agroruralsurf.com\/es\/wp-json\/wp\/v2\/categories?post=26174"},{"taxonomy":"post_tag","embeddable":true,"href":"https:\/\/www.agroruralsurf.com\/es\/wp-json\/wp\/v2\/tags?post=26174"}],"curies":[{"name":"wp","href":"https:\/\/api.w.org\/{rel}","templated":true}]}}